{"id":35913,"date":"2018-10-13T18:16:45","date_gmt":"2018-10-13T16:16:45","guid":{"rendered":"https:\/\/looks.film\/age-of-iron\/"},"modified":"2025-01-07T12:30:49","modified_gmt":"2025-01-07T11:30:49","slug":"age-of-iron","status":"publish","type":"post","link":"https:\/\/looks.film\/en\/age-of-iron\/","title":{"rendered":"Age of Iron"},"content":{"rendered":"<div class=\"wpb-content-wrapper\"><p>[vc_row full_width=&#8221;stretch_row_content&#8221; full_height=&#8221;yes&#8221; css_animation=&#8221;none&#8221; parallax=&#8221;content-moving-fade&#8221; parallax_image=&#8221;29440&#8243; css=&#8221;.vc_custom_1590496459044{background-position: center;background-repeat: no-repeat !important;background-size: cover !important;}&#8221;][vc_column][\/vc_column][\/vc_row][vc_row full_width=&#8221;stretch_row_content&#8221; disable_custom_paddings_mobile=&#8221;true&#8221; css=&#8221;.vc_custom_1591614911273{padding-top: 35px !important;}&#8221;][vc_column width=&#8221;2\/3&#8243; disable_custom_paddings_mobile=&#8221;true&#8221; css=&#8221;.vc_custom_1590496463455{padding-left: 70px !important;}&#8221;][vc_column_text]<\/p>\n<div>\n<div><span style=\"color: #00263e;\"><span class=\"label-inline dtable--label\">2018 | Docu-Series | <\/span><\/span><span style=\"color: #00263e;\"><span class=\"dtable--txt\"><span class=\"sep-item\">6 x 52&#8242;<\/span><span class=\"sep-item\"> | <span class=\"imdbRatingPlugin\" data-user=\"ur1705756\" data-title=\"tt9100928\" data-style=\"p4\"><a href=\"https:\/\/www.imdb.com\/title\/tt9100928\/?ref_=plg_rt_1\" target=\"_blank\" rel=\"noopener noreferrer\"><img src=\"https:\/\/ia.media-imdb.com\/images\/G\/01\/imdb\/plugins\/rating\/images\/imdb_31x14.png\" alt=\" Die eiserne Zeit - Lieben und T\u00f6ten im Drei\u00dfigj\u00e4hrigen Krieg (2018) on IMDb\" \/> <\/a><\/span><script>(function(d,s,id){var js,stags=d.getElementsByTagName(s)[0];if(d.getElementById(id)){return;}js=d.createElement(s);js.id=id;js.src=\"https:\/\/ia.media-imdb.com\/images\/G\/01\/imdb\/plugins\/rating\/js\/rating.js\";stags.parentNode.insertBefore(js,stags);})(document,\"script\",\"imdb-rating-api\");<\/script><\/span><\/span><\/span><\/div>\n<\/div>\n<p>[\/vc_column_text][vc_empty_space height=&#8221;20px&#8221;][vc_column_text]<\/p>\n<h3>Age of Iron<\/h3>\n<p>[\/vc_column_text][vc_empty_space height=&#8221;10px&#8221;][\/vc_column][vc_column width=&#8221;1\/3&#8243; disable_custom_paddings_mobile=&#8221;true&#8221; css=&#8221;.vc_custom_1590496698000{padding-left: 60px !important;}&#8221;][vc_column_text]<strong>VoD<br \/>\n<\/strong><a href=\"https:\/\/www.youtube.com\/watch?v=8nlkrxQevvo\" target=\"_blank\" rel=\"noopener noreferrer\"><i class=\"wp-svg-play-3 play-3\"><\/i>\u00a0 <u>YouTube (Trailer)<\/u><\/a>[\/vc_column_text][\/vc_column][\/vc_row][vc_row full_width=&#8221;stretch_row_content&#8221; css=&#8221;.vc_custom_1583245109716{margin-top: 0px !important;}&#8221;][vc_column width=&#8221;2\/3&#8243; disable_custom_paddings_mobile=&#8221;true&#8221; css=&#8221;.vc_custom_1590496648359{padding-left: 70px !important;}&#8221;][vc_column_text]Age of Iron: this is what the survivors called the Thirty Years War, which raged in Europe from 1618 to 1648.<\/p>\n<p>For the people at the time, the war was a huge catastrophic event. It was a war about religion and about power in Europe. What began as a regional conflict between Bohemian rebels and the Habsburg emperor gradually became a conflagration of huge proportions. Millions of people lost their lives. Entire regions were depopulated by destruction, disease and famine. But by the end of this war, the idea of a new Europe had emerged.<\/p>\n<p>This documentary drama series tells the story of the Thirty Years War from the perspective of the people who experienced it: like the soldier Peter Hagendorf, the \u201cWinter Queen\u201d Elisabeth Stuart, the famous artist Peter Paul Rubens and the \u201cGrey Eminence\u201d Father Joseph. Their gripping accounts, letters and diary entries are condensed into a fascinating and emotive portrait of the time. The top-class cast includes Gloria Endres de Oliveira (\u201cBerlin Babylon\u201d), Thomas Gerber (\u201cKu\u2019damm 56\u201d), Anna K\u00f6nig (\u201cKu\u2019damm 56\u201d) and Christin Nicols (\u201cDeutschland \u201986\u201d).[\/vc_column_text][\/vc_column][vc_column width=&#8221;1\/3&#8243; disable_custom_paddings_mobile=&#8221;true&#8221; css=&#8221;.vc_custom_1590496616348{padding-right: 70px !important;padding-left: 60px !important;}&#8221;][vc_column_text]<strong>Press<\/strong><br \/>\n<a href=\"https:\/\/www.fr.de\/kultur\/tv-kino\/keine-regeln-keine-gesetze-10950494.html\"><em>&#8220;<u>A six-part documentary tells the chaotic, protracted, hopeless and blood-curdling story of the Thirty Years&#8217; War from several perspectives.<\/u>&#8221;\u00a0\u00a0 <\/em>Frankfurter Rundschau<\/a>[\/vc_column_text][vc_empty_space][vc_column_text css=&#8221;&#8221;]<strong>Distribution<\/strong><br \/>\nBettina Offermann<br \/>\n<a href=\"mailto:distribution@looks.film\"><u>distribution@looks.film<\/u><\/a>[\/vc_column_text][vc_column_text]<\/p>\n<div class=\"wpb_text_column wpb_content_element \">\n<div class=\"wpb_wrapper\">\n<p><strong>Executive Producers<\/strong><br \/>\n<span class=\"dtable--txt\">Gunnar Dedio | LOOKSfilm<br \/>\nCarine Leblanc | Slot Machine<br \/>\nLauren Duret | Bachibouzouk<br \/>\n<\/span><\/p>\n<p><strong>A co-production by<br \/>\n<\/strong><span class=\"dtable--txt\">LOOKSfilm, Slot Machine, Bachibouzouk, Arte, ZDF, CT<\/span><\/p>\n<p><strong>In cooperation with<br \/>\n<\/strong>SVT, Viasat History, Histoire<\/p>\n<p><strong>Directors<br \/>\n<\/strong>Philippe B\u00e9renger, Henrike Sandner<\/p>\n<p><strong>Authors<br \/>\n<\/strong>Yury Winterberg, David Defendi<\/p>\n<p><strong>Creative Producer<br \/>\n<\/strong>Nestan Behrens<\/p>\n<p><strong>Funding<br \/>\n<\/strong>CNC, Riga Film Fund, Latvian Tax Rebate<\/p>\n<\/div>\n<\/div>\n<p>[\/vc_column_text][vc_single_image image=&#8221;37300&#8243; img_size=&#8221;medium&#8221;][vc_single_image image=&#8221;37298&#8243; img_size=&#8221;medium&#8221;][\/vc_column][\/vc_row]<\/p>\n<\/div>","protected":false},"excerpt":{"rendered":"<p>[vc_row&#8230;<\/p>\n","protected":false},"author":1,"featured_media":29441,"comment_status":"closed","ping_status":"open","sticky":false,"template":"","format":"standard","meta":{"footnotes":""},"categories":[163,164,179,258,203,196],"tags":[],"yoast_head":"<!-- This site is optimized with the Yoast SEO plugin v22.9 - https:\/\/yoast.com\/wordpress\/plugins\/seo\/ -->\n<title>Age of Iron - LOOKSfilm<\/title>\n<meta name=\"description\" content=\"Age of Iron: this is what the survivors called the Thirty Years War, which raged in Europe from 1618 to 1648. Documentary drama series.\" \/>\n<meta name=\"robots\" content=\"index, follow, max-snippet:-1, max-image-preview:large, max-video-preview:-1\" \/>\n<link rel=\"canonical\" href=\"https:\/\/looks.film\/en\/age-of-iron\/\" \/>\n<meta property=\"og:locale\" content=\"en_US\" \/>\n<meta property=\"og:type\" content=\"article\" \/>\n<meta property=\"og:title\" content=\"Age of Iron - LOOKSfilm\" \/>\n<meta property=\"og:description\" content=\"Age of Iron: this is what the survivors called the Thirty Years War, which raged in Europe from 1618 to 1648. Documentary drama series.\" \/>\n<meta property=\"og:url\" content=\"https:\/\/looks.film\/en\/age-of-iron\/\" \/>\n<meta property=\"og:site_name\" content=\"LOOKSfilm\" \/>\n<meta property=\"article:published_time\" content=\"2018-10-13T16:16:45+00:00\" \/>\n<meta property=\"article:modified_time\" content=\"2025-01-07T11:30:49+00:00\" \/>\n<meta property=\"og:image\" content=\"https:\/\/looks.film\/wp-content\/uploads\/2020\/02\/die-eiserne-zeit.jpg\" \/>\n\t<meta property=\"og:image:width\" content=\"2560\" \/>\n\t<meta property=\"og:image:height\" content=\"1440\" \/>\n\t<meta property=\"og:image:type\" content=\"image\/jpeg\" \/>\n<meta name=\"author\" content=\"looksfilm\" \/>\n<meta name=\"twitter:card\" content=\"summary_large_image\" \/>\n<meta name=\"twitter:label1\" content=\"Written by\" \/>\n\t<meta name=\"twitter:data1\" content=\"looksfilm\" \/>\n\t<meta name=\"twitter:label2\" content=\"Est. reading time\" \/>\n\t<meta name=\"twitter:data2\" content=\"3 minutes\" \/>\n<script type=\"application\/ld+json\" class=\"yoast-schema-graph\">{\"@context\":\"https:\/\/schema.org\",\"@graph\":[{\"@type\":\"WebPage\",\"@id\":\"https:\/\/looks.film\/en\/age-of-iron\/\",\"url\":\"https:\/\/looks.film\/en\/age-of-iron\/\",\"name\":\"Age of Iron - LOOKSfilm\",\"isPartOf\":{\"@id\":\"https:\/\/looks.film\/de\/#website\"},\"primaryImageOfPage\":{\"@id\":\"https:\/\/looks.film\/en\/age-of-iron\/#primaryimage\"},\"image\":{\"@id\":\"https:\/\/looks.film\/en\/age-of-iron\/#primaryimage\"},\"thumbnailUrl\":\"https:\/\/looks.film\/wp-content\/uploads\/2020\/02\/die-eiserne-zeit.jpg\",\"datePublished\":\"2018-10-13T16:16:45+00:00\",\"dateModified\":\"2025-01-07T11:30:49+00:00\",\"author\":{\"@id\":\"https:\/\/looks.film\/de\/#\/schema\/person\/0ff031047657196e8a79dc4944aa55c3\"},\"description\":\"Age of Iron: this is what the survivors called the Thirty Years War, which raged in Europe from 1618 to 1648. Documentary drama series.\",\"breadcrumb\":{\"@id\":\"https:\/\/looks.film\/en\/age-of-iron\/#breadcrumb\"},\"inLanguage\":\"en-US\",\"potentialAction\":[{\"@type\":\"ReadAction\",\"target\":[\"https:\/\/looks.film\/en\/age-of-iron\/\"]}]},{\"@type\":\"ImageObject\",\"inLanguage\":\"en-US\",\"@id\":\"https:\/\/looks.film\/en\/age-of-iron\/#primaryimage\",\"url\":\"https:\/\/looks.film\/wp-content\/uploads\/2020\/02\/die-eiserne-zeit.jpg\",\"contentUrl\":\"https:\/\/looks.film\/wp-content\/uploads\/2020\/02\/die-eiserne-zeit.jpg\",\"width\":2560,\"height\":1440,\"caption\":\"Age of Iron\"},{\"@type\":\"BreadcrumbList\",\"@id\":\"https:\/\/looks.film\/en\/age-of-iron\/#breadcrumb\",\"itemListElement\":[{\"@type\":\"ListItem\",\"position\":1,\"name\":\"Startseite\",\"item\":\"https:\/\/looks.film\/en\/\"},{\"@type\":\"ListItem\",\"position\":2,\"name\":\"Age of Iron\"}]},{\"@type\":\"WebSite\",\"@id\":\"https:\/\/looks.film\/de\/#website\",\"url\":\"https:\/\/looks.film\/de\/\",\"name\":\"LOOKSfilm\",\"description\":\"Film Production Company &amp; Distribution\",\"potentialAction\":[{\"@type\":\"SearchAction\",\"target\":{\"@type\":\"EntryPoint\",\"urlTemplate\":\"https:\/\/looks.film\/de\/?s={search_term_string}\"},\"query-input\":\"required name=search_term_string\"}],\"inLanguage\":\"en-US\"},{\"@type\":\"Person\",\"@id\":\"https:\/\/looks.film\/de\/#\/schema\/person\/0ff031047657196e8a79dc4944aa55c3\",\"name\":\"looksfilm\",\"url\":\"https:\/\/looks.film\/en\/author\/looksfilm\/\"}]}<\/script>\n<!-- \/ Yoast SEO plugin. -->","yoast_head_json":{"title":"Age of Iron - LOOKSfilm","description":"Age of Iron: this is what the survivors called the Thirty Years War, which raged in Europe from 1618 to 1648. Documentary drama series.","robots":{"index":"index","follow":"follow","max-snippet":"max-snippet:-1","max-image-preview":"max-image-preview:large","max-video-preview":"max-video-preview:-1"},"canonical":"https:\/\/looks.film\/en\/age-of-iron\/","og_locale":"en_US","og_type":"article","og_title":"Age of Iron - LOOKSfilm","og_description":"Age of Iron: this is what the survivors called the Thirty Years War, which raged in Europe from 1618 to 1648. Documentary drama series.","og_url":"https:\/\/looks.film\/en\/age-of-iron\/","og_site_name":"LOOKSfilm","article_published_time":"2018-10-13T16:16:45+00:00","article_modified_time":"2025-01-07T11:30:49+00:00","og_image":[{"width":2560,"height":1440,"url":"https:\/\/looks.film\/wp-content\/uploads\/2020\/02\/die-eiserne-zeit.jpg","type":"image\/jpeg"}],"author":"looksfilm","twitter_card":"summary_large_image","twitter_misc":{"Written by":"looksfilm","Est. reading time":"3 minutes"},"schema":{"@context":"https:\/\/schema.org","@graph":[{"@type":"WebPage","@id":"https:\/\/looks.film\/en\/age-of-iron\/","url":"https:\/\/looks.film\/en\/age-of-iron\/","name":"Age of Iron - LOOKSfilm","isPartOf":{"@id":"https:\/\/looks.film\/de\/#website"},"primaryImageOfPage":{"@id":"https:\/\/looks.film\/en\/age-of-iron\/#primaryimage"},"image":{"@id":"https:\/\/looks.film\/en\/age-of-iron\/#primaryimage"},"thumbnailUrl":"https:\/\/looks.film\/wp-content\/uploads\/2020\/02\/die-eiserne-zeit.jpg","datePublished":"2018-10-13T16:16:45+00:00","dateModified":"2025-01-07T11:30:49+00:00","author":{"@id":"https:\/\/looks.film\/de\/#\/schema\/person\/0ff031047657196e8a79dc4944aa55c3"},"description":"Age of Iron: this is what the survivors called the Thirty Years War, which raged in Europe from 1618 to 1648. Documentary drama series.","breadcrumb":{"@id":"https:\/\/looks.film\/en\/age-of-iron\/#breadcrumb"},"inLanguage":"en-US","potentialAction":[{"@type":"ReadAction","target":["https:\/\/looks.film\/en\/age-of-iron\/"]}]},{"@type":"ImageObject","inLanguage":"en-US","@id":"https:\/\/looks.film\/en\/age-of-iron\/#primaryimage","url":"https:\/\/looks.film\/wp-content\/uploads\/2020\/02\/die-eiserne-zeit.jpg","contentUrl":"https:\/\/looks.film\/wp-content\/uploads\/2020\/02\/die-eiserne-zeit.jpg","width":2560,"height":1440,"caption":"Age of Iron"},{"@type":"BreadcrumbList","@id":"https:\/\/looks.film\/en\/age-of-iron\/#breadcrumb","itemListElement":[{"@type":"ListItem","position":1,"name":"Startseite","item":"https:\/\/looks.film\/en\/"},{"@type":"ListItem","position":2,"name":"Age of Iron"}]},{"@type":"WebSite","@id":"https:\/\/looks.film\/de\/#website","url":"https:\/\/looks.film\/de\/","name":"LOOKSfilm","description":"Film Production Company &amp; Distribution","potentialAction":[{"@type":"SearchAction","target":{"@type":"EntryPoint","urlTemplate":"https:\/\/looks.film\/de\/?s={search_term_string}"},"query-input":"required name=search_term_string"}],"inLanguage":"en-US"},{"@type":"Person","@id":"https:\/\/looks.film\/de\/#\/schema\/person\/0ff031047657196e8a79dc4944aa55c3","name":"looksfilm","url":"https:\/\/looks.film\/en\/author\/looksfilm\/"}]}},"menu_order":0,"_links":{"self":[{"href":"https:\/\/looks.film\/en\/wp-json\/wp\/v2\/posts\/35913"}],"collection":[{"href":"https:\/\/looks.film\/en\/wp-json\/wp\/v2\/posts"}],"about":[{"href":"https:\/\/looks.film\/en\/wp-json\/wp\/v2\/types\/post"}],"author":[{"embeddable":true,"href":"https:\/\/looks.film\/en\/wp-json\/wp\/v2\/users\/1"}],"replies":[{"embeddable":true,"href":"https:\/\/looks.film\/en\/wp-json\/wp\/v2\/comments?post=35913"}],"version-history":[{"count":16,"href":"https:\/\/looks.film\/en\/wp-json\/wp\/v2\/posts\/35913\/revisions"}],"predecessor-version":[{"id":41470,"href":"https:\/\/looks.film\/en\/wp-json\/wp\/v2\/posts\/35913\/revisions\/41470"}],"wp:featuredmedia":[{"embeddable":true,"href":"https:\/\/looks.film\/en\/wp-json\/wp\/v2\/media\/29441"}],"wp:attachment":[{"href":"https:\/\/looks.film\/en\/wp-json\/wp\/v2\/media?parent=35913"}],"wp:term":[{"taxonomy":"category","embeddable":true,"href":"https:\/\/looks.film\/en\/wp-json\/wp\/v2\/categories?post=35913"},{"taxonomy":"post_tag","embeddable":true,"href":"https:\/\/looks.film\/en\/wp-json\/wp\/v2\/tags?post=35913"}],"curies":[{"name":"wp","href":"https:\/\/api.w.org\/{rel}","templated":true}]}}