{"id":41078,"date":"2024-11-06T17:35:46","date_gmt":"2024-11-06T16:35:46","guid":{"rendered":"https:\/\/looks.film\/?p=41078"},"modified":"2025-04-07T11:02:12","modified_gmt":"2025-04-07T09:02:12","slug":"oury-jalloh","status":"publish","type":"post","link":"https:\/\/looks.film\/de\/oury-jalloh\/","title":{"rendered":"Warum verbrannte Oury Jalloh?"},"content":{"rendered":"<div class=\"wpb-content-wrapper\"><p>[vc_row full_width=&#8220;stretch_row_content&#8220; full_height=&#8220;yes&#8220; css_animation=&#8220;none&#8220; parallax=&#8220;content-moving-fade&#8220; parallax_image=&#8220;41101&#8243; background_position_vertical=&#8220;bottom&#8220; css=&#8220;.vc_custom_1730974445921{background-position: center;background-repeat: no-repeat !important;background-size: cover !important;}&#8220;][vc_column][\/vc_column][\/vc_row][vc_row full_width=&#8220;stretch_row_content&#8220; thegem_row_overflow=&#8220;visible&#8220; disable_custom_paddings_mobile=&#8220;true&#8220; css=&#8220;.vc_custom_1722006764793{padding-top: 35px !important;}&#8220;][vc_column width=&#8220;2\/3&#8243; disable_custom_paddings_mobile=&#8220;true&#8220; css=&#8220;.vc_custom_1591600711648{padding-left: 70px !important;}&#8220;][vc_column_text css=&#8220;&#8220;]<span style=\"color: #00263e;\"><span style=\"color: #00263e;\"><span class=\"dtable--txt\">2024 | Dokumentation | 6&#215;30<span class=\"sep-item\">\u2018<br \/>\n<\/span><\/span><\/span><\/span>[\/vc_column_text][vc_empty_space height=&#8220;20px&#8220;][vc_column_text css=&#8220;&#8220;]<\/p>\n<h1>Warum verbrannte Oury Jalloh?<\/h1>\n<p>[\/vc_column_text][vc_empty_space height=&#8220;10px&#8220;][\/vc_column][vc_column width=&#8220;1\/3&#8243;][vc_column_text css=&#8220;&#8220;]<strong>VOD<\/strong><br \/>\n<a href=\"https:\/\/www.ardmediathek.de\/video\/ard-crime-time\/warum-verbrannte-oury-jalloh-folge-1-letzte-stunden-s36-e01\/wdr\/Y3JpZDovL3dkci5kZS9CZWl0cmFnLXNvcGhvcmEtOWU2YTA4MmYtZGE1Ny00Y2U5LWExZTktNjFmMmNkOTdhZDM0\" target=\"_blank\" rel=\"noopener\"><i class=\"wp-svg-play-3 play-3\"><\/i> ARD Mediathek<\/a>[\/vc_column_text][\/vc_column][\/vc_row][vc_row full_width=&#8220;stretch_row_content_no_spaces&#8220; equal_height=&#8220;yes&#8220; css=&#8220;.vc_custom_1592215524041{margin-top: 0px !important;}&#8220;][vc_column width=&#8220;2\/3&#8243; disable_custom_paddings_mobile=&#8220;true&#8220; css=&#8220;.vc_custom_1588327151504{margin-bottom: 0px !important;padding-right: 50px !important;padding-left: 70px !important;}&#8220;]<div class=\"gem-youtube gem-wrapbox gem-wrapbox-style-no-style rounded-corners gem-wrapbox-position-below\" style=\"width: 100%;\"><div class=\"gem-wrapbox-inner gem-ratio-style\" style=\"padding-top: 56.25%\"><iframe class=\"gem-wrapbox-element img-responsive\" width=\"100%\" height=\"300\" allowfullscreen=\"allowfullscreen\" frameborder=\"0\" scrolling=\"no\" marginheight=\"0\" marginwidth=\"0\" src=\"\/\/www.youtube.com\/embed\/E808OKjK_o0?rel=0&amp;wmode=opaque\"><\/iframe><\/div><\/div>[vc_column_text css=&#8220;&#8220;]<strong>F\u00fcr die einen ist der Fall ein unfassbarer Polizei- und Justizskandal, f\u00fcr die anderen eine gewaltige Verschw\u00f6rungstheorie. Was geschah am 7. Januar 2005 im Polizeirevier Dessau? Fest steht: Um 12:20 Uhr findet die Feuerwehr einen bis zur Unkenntlichkeit verbrannten Mann in Zelle Nr. 5. &#8211; Oury Jalloh.<\/strong><\/p>\n<p>Seit fast 20 Jahren sorgt der Tod des Mannes aus Sierra Leone f\u00fcr Entsetzen und anhaltende Diskussionen. Nun wirft die sechsteilige Serie einen tiefgehenden Blick auf die Ereignisse dieses Falls und stellt die dr\u00e4ngende Frage: Kann es sein, dass Oury Jalloh von Polizisten get\u00f6tet wurde? Oder hat er das Feuer selbst gelegt?<\/p>\n<p>Der Asylbewerber &#8211; ein geb\u00fcrtiger Guineer aus Sierra Leone &#8211; war am Morgen des 7. Januar 2005 von zwei Streifenpolizisten auf der Stra\u00dfe in Dessau aufgegriffen worden. Wenige Stunden sp\u00e4ter verbrannte er in einer Arrestzelle der Dessauer Polizei, nachdem er gefesselt und auf einer Matratze fixiert worden war.<\/p>\n<p>Kurz nach dem Brand \u2013 die Ermittlungen hatten gerade erst begonnen \u2013 hie\u00df es von einem Beamten der Spurensicherung, Oury Jalloh habe sich selbst angez\u00fcndet. Eine Version, die bis heute von Polizei und Justiz best\u00e4tigt wird. Doch widerspr\u00fcchliche Zeugenaussagen, ein unerkl\u00e4rliches Brandbild und zahlreiche nicht verfolgte Spuren ziehen diese Erkl\u00e4rung in Zweifel und haben den Fall zu einem Symbol f\u00fcr mutma\u00dfliche Polizeigewalt und institutionellen Rassismus gemacht.<\/p>\n<p>Jahrelang hatte die Polizei in Dessau zu dem Fall geschwiegen. Erstmals spricht jetzt ein leitender Beamter des Reviers, der am Tag des Geschehens im Dienst war. \u00a0Zu Wort kommen auch Freunde von Oury Jalloh, der Anwalt eines verantwortlichen Polizisten, Rechtsmediziner, Staatsanw\u00e4lte und der Einsatzleiter der Feuerwehr. Die Serie beleuchtet nicht nur die Ereignisse des verh\u00e4ngnisvollen Tages, sondern zeigt auch den jahrelangen Kampf um Aufkl\u00e4rung.[\/vc_column_text][vc_empty_space height=&#8220;20px&#8220;][vc_images_carousel images=&#8220;41106,41108,41110,41112&#8243; img_size=&#8220;480&#215;270&#8243; css=&#8220;&#8220;][\/vc_column][vc_column width=&#8220;1\/3&#8243; disable_custom_paddings_mobile=&#8220;true&#8220; css=&#8220;.vc_custom_1590585294391{padding-right: 70px !important;padding-left: 60px !important;}&#8220;][vc_column_text css=&#8220;&#8220;]<strong>Presse<\/strong><\/p>\n<p><em><span class=\"OYPEnA font-feature-liga-off font-feature-clig-off font-feature-calt-off text-decoration-none text-strikethrough-none\">\u201c<a href=\"https:\/\/www.fr.de\/kultur\/tv-kino\/oury-jalloh-tod-polizei-revier-dessau-ungeklaert-ard-dokumentation-tv-93435639.html\">Richtige Doku zur richtigen Zeit<\/a><\/span><\/em><span class=\"OYPEnA font-feature-liga-off font-feature-clig-off font-feature-calt-off text-decoration-none text-strikethrough-none\"><em>\u201d<\/em><br \/>\nFrankfurter Rundschau<\/span><\/p>\n<p><a href=\"https:\/\/taz.de\/ARD-Serie-Warum-verbrannte-Oury-Jalloh\/!6048432\/\"><em>&#8222;Den Fall heute noch mal so prominent in den Blick zu nehmen, wird dazu beitragen, ihn auch weiterhin nicht in Vergessenheit geraten zu lassen.&#8220;<\/em><\/a><br \/>\ntaz<\/p>\n<p><em><a href=\"https:\/\/www.berliner-zeitung.de\/mensch-metropole\/neue-doku-serie-wer-hat-in-der-zelle-die-matratze-von-oury-jalloh-angezuendet-li.2275608\">&#8222;eine spannende und authentische True-Crime-Produktion&#8220;<\/a><\/em><br \/>\nBerliner Zeitung<\/p>\n<p><a href=\"https:\/\/www.deutschlandfunkkultur.de\/warum-verbrannte-oury-jalloh-neue-ard-doku-serie-beleuchtet-den-fall-dlf-kultur-0a746479-100.html\"><em>&#8222;Die unabgeschlossene Geschichte im Dokuserienformat komplex weiterzuerz\u00e4hlen, ist das eine Verdienst von \u201eWarum verbrannte Oury Jalloh?\u201c. Das andere: Erstmals nicht nur Hintergrundgespr\u00e4che mit Polizisten zu f\u00fchren, sondern einen zu finden, der sich vor die Kamera wagt. &#8230; Denn dadurch werden Details an der Polizeiarbeit im besten Sinne dokumentiert, die problematisch und skandal\u00f6s sind&#8220;<\/em><\/a><br \/>\nDeutschlandradio Kultur<\/p>\n<p><a href=\"https:\/\/www.prisma.de\/news\/tv\/ARD-Crime-Time-Warum-verbrannte-Oury-Jalloh-Alle-Infos-zur-sechsteiligen-ARD-Dokumentation-gibt-es-hier,50595502\"><em>Gut, dass die Produktion bei aller Akribie, was den Fall selbst betrifft, sich auch Zeit nimmt f\u00fcr Jallohs Werdegang und die Beschreibungen seiner Freunde.<\/em><\/a><br \/>\nPrisma \/ teleschau \u2013 der mediendienst<\/p>\n<p><a href=\"https:\/\/medien.epd.de\/article\/2859\" target=\"_blank\" rel=\"noopener\"><em>&#8222;Dicht und pr\u00e4zise&#8220;<\/em><\/a> epd medien[\/vc_column_text][vc_column_text css=&#8220;&#8220;]<strong>Distribution<br \/>\n<\/strong>Bettina Offermann<br \/>\n<a href=\"mailto:distribution@looks.film\"><u>distribution@looks.film<\/u><\/a>[\/vc_column_text][vc_empty_space height=&#8220;20px&#8220;][vc_column_text css=&#8220;&#8220;]<strong>Produzent:innen<br \/>\n<\/strong><a href=\"https:\/\/looks.film\/de\/reginabouchehri\/\">Regina Bouchehri<\/a><br \/>\nGunnar Dedio<br \/>\nBirgit Rasch<\/p>\n<p><strong>Eine Produktion von<\/strong><br \/>\nLOOKSfilm<\/p>\n<p><strong>im Auftrag von<br \/>\n<\/strong>WDR, SWR, BR, MDR<\/p>\n<p><strong>Creative Producer<br \/>\n<\/strong>Veronika Christmann<br \/>\nPaul Wiederhold<\/p>\n<p><strong>Buch &amp; Regie<\/strong><br \/>\nBence M\u00e1t\u00e9<br \/>\nAnna Herbst<\/p>\n<p><strong>Redaktion<br \/>\n<\/strong>Britta Windhoff, WDR<br \/>\nSabine Harder, SWR<br \/>\nIna-Katrin H\u00fcttig, MDR<br \/>\nAstrid Harms-Limmer, BR<\/p>\n<p><strong>Produktionsleitung<\/strong><br \/>\nHolger Koop<br \/>\nGertrudis Wilms, WDR<\/p>\n<p><strong>F\u00f6rderung<\/strong><br \/>\nMitteldeutsche Medienf\u00f6rderung<br \/>\nCreative Europe[\/vc_column_text][vc_empty_space height=&#8220;20px&#8220;][vc_single_image image=&#8220;37299&#8243; img_size=&#8220;medium&#8220; css=&#8220;&#8220;][vc_single_image image=&#8220;41158&#8243; img_size=&#8220;medium&#8220; css=&#8220;&#8220;][\/vc_column][\/vc_row][vc_row full_width=&#8220;stretch_row_content&#8220; full_height=&#8220;yes&#8220;][vc_column disable_custom_paddings_mobile=&#8220;true&#8220; css=&#8220;.vc_custom_1719929099639{padding-left: 70px !important;}&#8220;][\/vc_column][\/vc_row]<\/p>\n<\/div>","protected":false},"excerpt":{"rendered":"<p>[vc_row&#8230;<\/p>\n","protected":false},"author":1,"featured_media":41080,"comment_status":"closed","ping_status":"closed","sticky":false,"template":"","format":"standard","meta":{"footnotes":""},"categories":[160,159,200,199,194,255],"tags":[],"yoast_head":"<!-- This site is optimized with the Yoast SEO plugin v22.9 - https:\/\/yoast.com\/wordpress\/plugins\/seo\/ -->\n<title>Warum verbrannte Oury Jalloh? - LOOKSfilm<\/title>\n<meta name=\"description\" content=\"Die Serie beleuchtet die Ereignisse des verh\u00e4ngnisvollen Tages und zeigt den jahrelangen Kampf um Aufkl\u00e4rung des Falls Oury Jalloh.\" \/>\n<meta name=\"robots\" content=\"index, follow, max-snippet:-1, max-image-preview:large, max-video-preview:-1\" \/>\n<link rel=\"canonical\" href=\"https:\/\/looks.film\/de\/oury-jalloh\/\" \/>\n<meta property=\"og:locale\" content=\"de_DE\" \/>\n<meta property=\"og:type\" content=\"article\" \/>\n<meta property=\"og:title\" content=\"Warum verbrannte Oury Jalloh? - LOOKSfilm\" \/>\n<meta property=\"og:description\" content=\"Die Serie beleuchtet die Ereignisse des verh\u00e4ngnisvollen Tages und zeigt den jahrelangen Kampf um Aufkl\u00e4rung des Falls Oury Jalloh.\" \/>\n<meta property=\"og:url\" content=\"https:\/\/looks.film\/de\/oury-jalloh\/\" \/>\n<meta property=\"og:site_name\" content=\"LOOKSfilm\" \/>\n<meta property=\"article:published_time\" content=\"2024-11-06T16:35:46+00:00\" \/>\n<meta property=\"article:modified_time\" content=\"2025-04-07T09:02:12+00:00\" \/>\n<meta property=\"og:image\" content=\"https:\/\/looks.film\/wp-content\/uploads\/2024\/11\/Oury_Jallojh_Website.png\" \/>\n\t<meta property=\"og:image:width\" content=\"1600\" \/>\n\t<meta property=\"og:image:height\" content=\"900\" \/>\n\t<meta property=\"og:image:type\" content=\"image\/png\" \/>\n<meta name=\"author\" content=\"looksfilm\" \/>\n<meta name=\"twitter:card\" content=\"summary_large_image\" \/>\n<meta name=\"twitter:label1\" content=\"Verfasst von\" \/>\n\t<meta name=\"twitter:data1\" content=\"looksfilm\" \/>\n\t<meta name=\"twitter:label2\" content=\"Gesch\u00e4tzte Lesezeit\" \/>\n\t<meta name=\"twitter:data2\" content=\"5\u00a0Minuten\" \/>\n<script type=\"application\/ld+json\" class=\"yoast-schema-graph\">{\"@context\":\"https:\/\/schema.org\",\"@graph\":[{\"@type\":\"WebPage\",\"@id\":\"https:\/\/looks.film\/de\/oury-jalloh\/\",\"url\":\"https:\/\/looks.film\/de\/oury-jalloh\/\",\"name\":\"Warum verbrannte Oury Jalloh? - LOOKSfilm\",\"isPartOf\":{\"@id\":\"https:\/\/looks.film\/de\/#website\"},\"primaryImageOfPage\":{\"@id\":\"https:\/\/looks.film\/de\/oury-jalloh\/#primaryimage\"},\"image\":{\"@id\":\"https:\/\/looks.film\/de\/oury-jalloh\/#primaryimage\"},\"thumbnailUrl\":\"https:\/\/looks.film\/wp-content\/uploads\/2024\/11\/Oury_Jallojh_Website.png\",\"datePublished\":\"2024-11-06T16:35:46+00:00\",\"dateModified\":\"2025-04-07T09:02:12+00:00\",\"author\":{\"@id\":\"https:\/\/looks.film\/de\/#\/schema\/person\/0ff031047657196e8a79dc4944aa55c3\"},\"description\":\"Die Serie beleuchtet die Ereignisse des verh\u00e4ngnisvollen Tages und zeigt den jahrelangen Kampf um Aufkl\u00e4rung des Falls Oury Jalloh.\",\"breadcrumb\":{\"@id\":\"https:\/\/looks.film\/de\/oury-jalloh\/#breadcrumb\"},\"inLanguage\":\"de\",\"potentialAction\":[{\"@type\":\"ReadAction\",\"target\":[\"https:\/\/looks.film\/de\/oury-jalloh\/\"]}]},{\"@type\":\"ImageObject\",\"inLanguage\":\"de\",\"@id\":\"https:\/\/looks.film\/de\/oury-jalloh\/#primaryimage\",\"url\":\"https:\/\/looks.film\/wp-content\/uploads\/2024\/11\/Oury_Jallojh_Website.png\",\"contentUrl\":\"https:\/\/looks.film\/wp-content\/uploads\/2024\/11\/Oury_Jallojh_Website.png\",\"width\":1600,\"height\":900},{\"@type\":\"BreadcrumbList\",\"@id\":\"https:\/\/looks.film\/de\/oury-jalloh\/#breadcrumb\",\"itemListElement\":[{\"@type\":\"ListItem\",\"position\":1,\"name\":\"Startseite\",\"item\":\"https:\/\/looks.film\/de\/\"},{\"@type\":\"ListItem\",\"position\":2,\"name\":\"Warum verbrannte Oury Jalloh?\"}]},{\"@type\":\"WebSite\",\"@id\":\"https:\/\/looks.film\/de\/#website\",\"url\":\"https:\/\/looks.film\/de\/\",\"name\":\"LOOKSfilm\",\"description\":\"Film Production Company &amp; Distribution\",\"potentialAction\":[{\"@type\":\"SearchAction\",\"target\":{\"@type\":\"EntryPoint\",\"urlTemplate\":\"https:\/\/looks.film\/de\/?s={search_term_string}\"},\"query-input\":\"required name=search_term_string\"}],\"inLanguage\":\"de\"},{\"@type\":\"Person\",\"@id\":\"https:\/\/looks.film\/de\/#\/schema\/person\/0ff031047657196e8a79dc4944aa55c3\",\"name\":\"looksfilm\",\"url\":\"https:\/\/looks.film\/de\/author\/looksfilm\/\"}]}<\/script>\n<!-- \/ Yoast SEO plugin. -->","yoast_head_json":{"title":"Warum verbrannte Oury Jalloh? - LOOKSfilm","description":"Die Serie beleuchtet die Ereignisse des verh\u00e4ngnisvollen Tages und zeigt den jahrelangen Kampf um Aufkl\u00e4rung des Falls Oury Jalloh.","robots":{"index":"index","follow":"follow","max-snippet":"max-snippet:-1","max-image-preview":"max-image-preview:large","max-video-preview":"max-video-preview:-1"},"canonical":"https:\/\/looks.film\/de\/oury-jalloh\/","og_locale":"de_DE","og_type":"article","og_title":"Warum verbrannte Oury Jalloh? - LOOKSfilm","og_description":"Die Serie beleuchtet die Ereignisse des verh\u00e4ngnisvollen Tages und zeigt den jahrelangen Kampf um Aufkl\u00e4rung des Falls Oury Jalloh.","og_url":"https:\/\/looks.film\/de\/oury-jalloh\/","og_site_name":"LOOKSfilm","article_published_time":"2024-11-06T16:35:46+00:00","article_modified_time":"2025-04-07T09:02:12+00:00","og_image":[{"width":1600,"height":900,"url":"https:\/\/looks.film\/wp-content\/uploads\/2024\/11\/Oury_Jallojh_Website.png","type":"image\/png"}],"author":"looksfilm","twitter_card":"summary_large_image","twitter_misc":{"Verfasst von":"looksfilm","Gesch\u00e4tzte Lesezeit":"5\u00a0Minuten"},"schema":{"@context":"https:\/\/schema.org","@graph":[{"@type":"WebPage","@id":"https:\/\/looks.film\/de\/oury-jalloh\/","url":"https:\/\/looks.film\/de\/oury-jalloh\/","name":"Warum verbrannte Oury Jalloh? - LOOKSfilm","isPartOf":{"@id":"https:\/\/looks.film\/de\/#website"},"primaryImageOfPage":{"@id":"https:\/\/looks.film\/de\/oury-jalloh\/#primaryimage"},"image":{"@id":"https:\/\/looks.film\/de\/oury-jalloh\/#primaryimage"},"thumbnailUrl":"https:\/\/looks.film\/wp-content\/uploads\/2024\/11\/Oury_Jallojh_Website.png","datePublished":"2024-11-06T16:35:46+00:00","dateModified":"2025-04-07T09:02:12+00:00","author":{"@id":"https:\/\/looks.film\/de\/#\/schema\/person\/0ff031047657196e8a79dc4944aa55c3"},"description":"Die Serie beleuchtet die Ereignisse des verh\u00e4ngnisvollen Tages und zeigt den jahrelangen Kampf um Aufkl\u00e4rung des Falls Oury Jalloh.","breadcrumb":{"@id":"https:\/\/looks.film\/de\/oury-jalloh\/#breadcrumb"},"inLanguage":"de","potentialAction":[{"@type":"ReadAction","target":["https:\/\/looks.film\/de\/oury-jalloh\/"]}]},{"@type":"ImageObject","inLanguage":"de","@id":"https:\/\/looks.film\/de\/oury-jalloh\/#primaryimage","url":"https:\/\/looks.film\/wp-content\/uploads\/2024\/11\/Oury_Jallojh_Website.png","contentUrl":"https:\/\/looks.film\/wp-content\/uploads\/2024\/11\/Oury_Jallojh_Website.png","width":1600,"height":900},{"@type":"BreadcrumbList","@id":"https:\/\/looks.film\/de\/oury-jalloh\/#breadcrumb","itemListElement":[{"@type":"ListItem","position":1,"name":"Startseite","item":"https:\/\/looks.film\/de\/"},{"@type":"ListItem","position":2,"name":"Warum verbrannte Oury Jalloh?"}]},{"@type":"WebSite","@id":"https:\/\/looks.film\/de\/#website","url":"https:\/\/looks.film\/de\/","name":"LOOKSfilm","description":"Film Production Company &amp; Distribution","potentialAction":[{"@type":"SearchAction","target":{"@type":"EntryPoint","urlTemplate":"https:\/\/looks.film\/de\/?s={search_term_string}"},"query-input":"required name=search_term_string"}],"inLanguage":"de"},{"@type":"Person","@id":"https:\/\/looks.film\/de\/#\/schema\/person\/0ff031047657196e8a79dc4944aa55c3","name":"looksfilm","url":"https:\/\/looks.film\/de\/author\/looksfilm\/"}]}},"menu_order":0,"_links":{"self":[{"href":"https:\/\/looks.film\/de\/wp-json\/wp\/v2\/posts\/41078"}],"collection":[{"href":"https:\/\/looks.film\/de\/wp-json\/wp\/v2\/posts"}],"about":[{"href":"https:\/\/looks.film\/de\/wp-json\/wp\/v2\/types\/post"}],"author":[{"embeddable":true,"href":"https:\/\/looks.film\/de\/wp-json\/wp\/v2\/users\/1"}],"replies":[{"embeddable":true,"href":"https:\/\/looks.film\/de\/wp-json\/wp\/v2\/comments?post=41078"}],"version-history":[{"count":23,"href":"https:\/\/looks.film\/de\/wp-json\/wp\/v2\/posts\/41078\/revisions"}],"predecessor-version":[{"id":42099,"href":"https:\/\/looks.film\/de\/wp-json\/wp\/v2\/posts\/41078\/revisions\/42099"}],"wp:featuredmedia":[{"embeddable":true,"href":"https:\/\/looks.film\/de\/wp-json\/wp\/v2\/media\/41080"}],"wp:attachment":[{"href":"https:\/\/looks.film\/de\/wp-json\/wp\/v2\/media?parent=41078"}],"wp:term":[{"taxonomy":"category","embeddable":true,"href":"https:\/\/looks.film\/de\/wp-json\/wp\/v2\/categories?post=41078"},{"taxonomy":"post_tag","embeddable":true,"href":"https:\/\/looks.film\/de\/wp-json\/wp\/v2\/tags?post=41078"}],"curies":[{"name":"wp","href":"https:\/\/api.w.org\/{rel}","templated":true}]}}