{"id":40189,"date":"2024-04-18T15:57:55","date_gmt":"2024-04-18T13:57:55","guid":{"rendered":"https:\/\/looks.film\/?p=40189"},"modified":"2024-07-03T11:45:21","modified_gmt":"2024-07-03T09:45:21","slug":"mein-traum-meine-geschichte-fuer-goldenen-spatz-nominiert","status":"publish","type":"post","link":"https:\/\/looks.film\/de\/mein-traum-meine-geschichte-fuer-goldenen-spatz-nominiert\/","title":{"rendered":"MEIN TRAUM, MEINE GESCHICHTE f\u00fcr GOLDENEN SPATZ nominiert"},"content":{"rendered":"<div class=\"wpb-content-wrapper\"><p>[vc_row css=&#8220;.vc_custom_1587652609474{background-position: center !important;background-repeat: no-repeat !important;background-size: cover !important;}&#8220;][vc_column width=&#8220;1\/6&#8243;][\/vc_column][vc_column width=&#8220;2\/3&#8243;][vc_column_text]NEWS | 18. April 2024[\/vc_column_text][vc_single_image image=&#8220;40192&#8243; img_size=&#8220;full&#8220;][vc_column_text css=&#8220;&#8220;]<strong><a href=\"https:\/\/looks.film\/de\/mein-traum-meine-geschichte\/\">MEIN TRAUM, MEINE GESCHICHTE<\/a> nominiert f\u00fcr den Goldenen Spatzen 2024<\/strong> \u2013 Die Episode \u201eNina Simone\u201c ist f\u00fcr das gr\u00f6\u00dfte Festival f\u00fcr deutschsprachige Kindermedien ausgew\u00e4hlt. Vom 2.-8. Juni. Im Wettbewerb \u201eInformation \/ Dokumentarfilm\u201c.<\/p>\n<p>Eine Produktion von SWR, LOOKSfilm, MOMAKIN &amp; SRF school.<br \/>\nProduzent:innen: Regina Boucheri, Gunnar Dedio &amp; Katarzyna Gromadzka<\/p>\n<p>Creative Producer: Ramona Bergmann, Kai Zwettler[\/vc_column_text][\/vc_column][vc_column width=&#8220;1\/6&#8243;][\/vc_column][\/vc_row][vc_row][vc_column][\/vc_column][\/vc_row]<\/p>\n<\/div>","protected":false},"excerpt":{"rendered":"<p>[vc_row&#8230;<\/p>\n","protected":false},"author":1,"featured_media":40192,"comment_status":"closed","ping_status":"closed","sticky":false,"template":"","format":"standard","meta":{"footnotes":""},"categories":[193],"tags":[],"yoast_head":"<!-- This site is optimized with the Yoast SEO plugin v22.9 - https:\/\/yoast.com\/wordpress\/plugins\/seo\/ -->\n<title>&quot;Mein Traum, meine Geschichte&quot; f\u00fcr Goldenen Spatz nominiert<\/title>\n<meta name=\"description\" content=\"Die Episode \u201eNina Simone\u201c der Serie &quot;Mein Traum, meine Geschichte&quot; ist f\u00fcr das gr\u00f6\u00dfte Festival f\u00fcr deutschsprachige Kindermedien ausgew\u00e4hlt.\" \/>\n<meta name=\"robots\" content=\"index, follow, max-snippet:-1, max-image-preview:large, max-video-preview:-1\" \/>\n<link rel=\"canonical\" href=\"https:\/\/looks.film\/de\/mein-traum-meine-geschichte-fuer-goldenen-spatz-nominiert\/\" \/>\n<meta property=\"og:locale\" content=\"de_DE\" \/>\n<meta property=\"og:type\" content=\"article\" \/>\n<meta property=\"og:title\" content=\"&quot;Mein Traum, meine Geschichte&quot; f\u00fcr Goldenen Spatz nominiert\" \/>\n<meta property=\"og:description\" content=\"Die Episode \u201eNina Simone\u201c der Serie &quot;Mein Traum, meine Geschichte&quot; ist f\u00fcr das gr\u00f6\u00dfte Festival f\u00fcr deutschsprachige Kindermedien ausgew\u00e4hlt.\" \/>\n<meta property=\"og:url\" content=\"https:\/\/looks.film\/de\/mein-traum-meine-geschichte-fuer-goldenen-spatz-nominiert\/\" \/>\n<meta property=\"og:site_name\" content=\"LOOKSfilm\" \/>\n<meta property=\"article:published_time\" content=\"2024-04-18T13:57:55+00:00\" \/>\n<meta property=\"article:modified_time\" content=\"2024-07-03T09:45:21+00:00\" \/>\n<meta property=\"og:image\" content=\"https:\/\/looks.film\/wp-content\/uploads\/2024\/04\/MEIN-TRAUM_NINA-SIMONE_02_\u00a9LOOKSfilm_klein.jpg\" \/>\n\t<meta property=\"og:image:width\" content=\"1000\" \/>\n\t<meta property=\"og:image:height\" content=\"860\" \/>\n\t<meta property=\"og:image:type\" content=\"image\/jpeg\" \/>\n<meta name=\"author\" content=\"looksfilm\" \/>\n<meta name=\"twitter:card\" content=\"summary_large_image\" \/>\n<meta name=\"twitter:label1\" content=\"Verfasst von\" \/>\n\t<meta name=\"twitter:data1\" content=\"looksfilm\" \/>\n\t<meta name=\"twitter:label2\" content=\"Gesch\u00e4tzte Lesezeit\" \/>\n\t<meta name=\"twitter:data2\" content=\"1\u00a0Minute\" \/>\n<script type=\"application\/ld+json\" class=\"yoast-schema-graph\">{\"@context\":\"https:\/\/schema.org\",\"@graph\":[{\"@type\":\"WebPage\",\"@id\":\"https:\/\/looks.film\/de\/mein-traum-meine-geschichte-fuer-goldenen-spatz-nominiert\/\",\"url\":\"https:\/\/looks.film\/de\/mein-traum-meine-geschichte-fuer-goldenen-spatz-nominiert\/\",\"name\":\"\\\"Mein Traum, meine Geschichte\\\" f\u00fcr Goldenen Spatz nominiert\",\"isPartOf\":{\"@id\":\"https:\/\/looks.film\/de\/#website\"},\"primaryImageOfPage\":{\"@id\":\"https:\/\/looks.film\/de\/mein-traum-meine-geschichte-fuer-goldenen-spatz-nominiert\/#primaryimage\"},\"image\":{\"@id\":\"https:\/\/looks.film\/de\/mein-traum-meine-geschichte-fuer-goldenen-spatz-nominiert\/#primaryimage\"},\"thumbnailUrl\":\"https:\/\/looks.film\/wp-content\/uploads\/2024\/04\/MEIN-TRAUM_NINA-SIMONE_02_\u00a9LOOKSfilm_klein.jpg\",\"datePublished\":\"2024-04-18T13:57:55+00:00\",\"dateModified\":\"2024-07-03T09:45:21+00:00\",\"author\":{\"@id\":\"https:\/\/looks.film\/de\/#\/schema\/person\/0ff031047657196e8a79dc4944aa55c3\"},\"description\":\"Die Episode \u201eNina Simone\u201c der Serie \\\"Mein Traum, meine Geschichte\\\" ist f\u00fcr das gr\u00f6\u00dfte Festival f\u00fcr deutschsprachige Kindermedien ausgew\u00e4hlt.\",\"breadcrumb\":{\"@id\":\"https:\/\/looks.film\/de\/mein-traum-meine-geschichte-fuer-goldenen-spatz-nominiert\/#breadcrumb\"},\"inLanguage\":\"de\",\"potentialAction\":[{\"@type\":\"ReadAction\",\"target\":[\"https:\/\/looks.film\/de\/mein-traum-meine-geschichte-fuer-goldenen-spatz-nominiert\/\"]}]},{\"@type\":\"ImageObject\",\"inLanguage\":\"de\",\"@id\":\"https:\/\/looks.film\/de\/mein-traum-meine-geschichte-fuer-goldenen-spatz-nominiert\/#primaryimage\",\"url\":\"https:\/\/looks.film\/wp-content\/uploads\/2024\/04\/MEIN-TRAUM_NINA-SIMONE_02_\u00a9LOOKSfilm_klein.jpg\",\"contentUrl\":\"https:\/\/looks.film\/wp-content\/uploads\/2024\/04\/MEIN-TRAUM_NINA-SIMONE_02_\u00a9LOOKSfilm_klein.jpg\",\"width\":1000,\"height\":860,\"caption\":\"Im Foto (v.l.n.r.): Eunice (Mahlet Paulke)\"},{\"@type\":\"BreadcrumbList\",\"@id\":\"https:\/\/looks.film\/de\/mein-traum-meine-geschichte-fuer-goldenen-spatz-nominiert\/#breadcrumb\",\"itemListElement\":[{\"@type\":\"ListItem\",\"position\":1,\"name\":\"Startseite\",\"item\":\"https:\/\/looks.film\/de\/\"},{\"@type\":\"ListItem\",\"position\":2,\"name\":\"MEIN TRAUM, MEINE GESCHICHTE f\u00fcr GOLDENEN SPATZ nominiert\"}]},{\"@type\":\"WebSite\",\"@id\":\"https:\/\/looks.film\/de\/#website\",\"url\":\"https:\/\/looks.film\/de\/\",\"name\":\"LOOKSfilm\",\"description\":\"Film Production Company &amp; Distribution\",\"potentialAction\":[{\"@type\":\"SearchAction\",\"target\":{\"@type\":\"EntryPoint\",\"urlTemplate\":\"https:\/\/looks.film\/de\/?s={search_term_string}\"},\"query-input\":\"required name=search_term_string\"}],\"inLanguage\":\"de\"},{\"@type\":\"Person\",\"@id\":\"https:\/\/looks.film\/de\/#\/schema\/person\/0ff031047657196e8a79dc4944aa55c3\",\"name\":\"looksfilm\",\"url\":\"https:\/\/looks.film\/de\/author\/looksfilm\/\"}]}<\/script>\n<!-- \/ Yoast SEO plugin. -->","yoast_head_json":{"title":"\"Mein Traum, meine Geschichte\" f\u00fcr Goldenen Spatz nominiert","description":"Die Episode \u201eNina Simone\u201c der Serie \"Mein Traum, meine Geschichte\" ist f\u00fcr das gr\u00f6\u00dfte Festival f\u00fcr deutschsprachige Kindermedien ausgew\u00e4hlt.","robots":{"index":"index","follow":"follow","max-snippet":"max-snippet:-1","max-image-preview":"max-image-preview:large","max-video-preview":"max-video-preview:-1"},"canonical":"https:\/\/looks.film\/de\/mein-traum-meine-geschichte-fuer-goldenen-spatz-nominiert\/","og_locale":"de_DE","og_type":"article","og_title":"\"Mein Traum, meine Geschichte\" f\u00fcr Goldenen Spatz nominiert","og_description":"Die Episode \u201eNina Simone\u201c der Serie \"Mein Traum, meine Geschichte\" ist f\u00fcr das gr\u00f6\u00dfte Festival f\u00fcr deutschsprachige Kindermedien ausgew\u00e4hlt.","og_url":"https:\/\/looks.film\/de\/mein-traum-meine-geschichte-fuer-goldenen-spatz-nominiert\/","og_site_name":"LOOKSfilm","article_published_time":"2024-04-18T13:57:55+00:00","article_modified_time":"2024-07-03T09:45:21+00:00","og_image":[{"width":1000,"height":860,"url":"https:\/\/looks.film\/wp-content\/uploads\/2024\/04\/MEIN-TRAUM_NINA-SIMONE_02_\u00a9LOOKSfilm_klein.jpg","type":"image\/jpeg"}],"author":"looksfilm","twitter_card":"summary_large_image","twitter_misc":{"Verfasst von":"looksfilm","Gesch\u00e4tzte Lesezeit":"1\u00a0Minute"},"schema":{"@context":"https:\/\/schema.org","@graph":[{"@type":"WebPage","@id":"https:\/\/looks.film\/de\/mein-traum-meine-geschichte-fuer-goldenen-spatz-nominiert\/","url":"https:\/\/looks.film\/de\/mein-traum-meine-geschichte-fuer-goldenen-spatz-nominiert\/","name":"\"Mein Traum, meine Geschichte\" f\u00fcr Goldenen Spatz nominiert","isPartOf":{"@id":"https:\/\/looks.film\/de\/#website"},"primaryImageOfPage":{"@id":"https:\/\/looks.film\/de\/mein-traum-meine-geschichte-fuer-goldenen-spatz-nominiert\/#primaryimage"},"image":{"@id":"https:\/\/looks.film\/de\/mein-traum-meine-geschichte-fuer-goldenen-spatz-nominiert\/#primaryimage"},"thumbnailUrl":"https:\/\/looks.film\/wp-content\/uploads\/2024\/04\/MEIN-TRAUM_NINA-SIMONE_02_\u00a9LOOKSfilm_klein.jpg","datePublished":"2024-04-18T13:57:55+00:00","dateModified":"2024-07-03T09:45:21+00:00","author":{"@id":"https:\/\/looks.film\/de\/#\/schema\/person\/0ff031047657196e8a79dc4944aa55c3"},"description":"Die Episode \u201eNina Simone\u201c der Serie \"Mein Traum, meine Geschichte\" ist f\u00fcr das gr\u00f6\u00dfte Festival f\u00fcr deutschsprachige Kindermedien ausgew\u00e4hlt.","breadcrumb":{"@id":"https:\/\/looks.film\/de\/mein-traum-meine-geschichte-fuer-goldenen-spatz-nominiert\/#breadcrumb"},"inLanguage":"de","potentialAction":[{"@type":"ReadAction","target":["https:\/\/looks.film\/de\/mein-traum-meine-geschichte-fuer-goldenen-spatz-nominiert\/"]}]},{"@type":"ImageObject","inLanguage":"de","@id":"https:\/\/looks.film\/de\/mein-traum-meine-geschichte-fuer-goldenen-spatz-nominiert\/#primaryimage","url":"https:\/\/looks.film\/wp-content\/uploads\/2024\/04\/MEIN-TRAUM_NINA-SIMONE_02_\u00a9LOOKSfilm_klein.jpg","contentUrl":"https:\/\/looks.film\/wp-content\/uploads\/2024\/04\/MEIN-TRAUM_NINA-SIMONE_02_\u00a9LOOKSfilm_klein.jpg","width":1000,"height":860,"caption":"Im Foto (v.l.n.r.): Eunice (Mahlet Paulke)"},{"@type":"BreadcrumbList","@id":"https:\/\/looks.film\/de\/mein-traum-meine-geschichte-fuer-goldenen-spatz-nominiert\/#breadcrumb","itemListElement":[{"@type":"ListItem","position":1,"name":"Startseite","item":"https:\/\/looks.film\/de\/"},{"@type":"ListItem","position":2,"name":"MEIN TRAUM, MEINE GESCHICHTE f\u00fcr GOLDENEN SPATZ nominiert"}]},{"@type":"WebSite","@id":"https:\/\/looks.film\/de\/#website","url":"https:\/\/looks.film\/de\/","name":"LOOKSfilm","description":"Film Production Company &amp; Distribution","potentialAction":[{"@type":"SearchAction","target":{"@type":"EntryPoint","urlTemplate":"https:\/\/looks.film\/de\/?s={search_term_string}"},"query-input":"required name=search_term_string"}],"inLanguage":"de"},{"@type":"Person","@id":"https:\/\/looks.film\/de\/#\/schema\/person\/0ff031047657196e8a79dc4944aa55c3","name":"looksfilm","url":"https:\/\/looks.film\/de\/author\/looksfilm\/"}]}},"menu_order":0,"_links":{"self":[{"href":"https:\/\/looks.film\/de\/wp-json\/wp\/v2\/posts\/40189"}],"collection":[{"href":"https:\/\/looks.film\/de\/wp-json\/wp\/v2\/posts"}],"about":[{"href":"https:\/\/looks.film\/de\/wp-json\/wp\/v2\/types\/post"}],"author":[{"embeddable":true,"href":"https:\/\/looks.film\/de\/wp-json\/wp\/v2\/users\/1"}],"replies":[{"embeddable":true,"href":"https:\/\/looks.film\/de\/wp-json\/wp\/v2\/comments?post=40189"}],"version-history":[{"count":5,"href":"https:\/\/looks.film\/de\/wp-json\/wp\/v2\/posts\/40189\/revisions"}],"predecessor-version":[{"id":40592,"href":"https:\/\/looks.film\/de\/wp-json\/wp\/v2\/posts\/40189\/revisions\/40592"}],"wp:featuredmedia":[{"embeddable":true,"href":"https:\/\/looks.film\/de\/wp-json\/wp\/v2\/media\/40192"}],"wp:attachment":[{"href":"https:\/\/looks.film\/de\/wp-json\/wp\/v2\/media?parent=40189"}],"wp:term":[{"taxonomy":"category","embeddable":true,"href":"https:\/\/looks.film\/de\/wp-json\/wp\/v2\/categories?post=40189"},{"taxonomy":"post_tag","embeddable":true,"href":"https:\/\/looks.film\/de\/wp-json\/wp\/v2\/tags?post=40189"}],"curies":[{"name":"wp","href":"https:\/\/api.w.org\/{rel}","templated":true}]}}