{"id":36709,"date":"2020-12-09T13:56:07","date_gmt":"2020-12-09T12:56:07","guid":{"rendered":"https:\/\/looks.film\/?p=36709"},"modified":"2025-02-05T16:17:17","modified_gmt":"2025-02-05T15:17:17","slug":"krieg-vor-gericht","status":"publish","type":"post","link":"https:\/\/looks.film\/de\/krieg-vor-gericht\/","title":{"rendered":"Krieg vor Gericht. Die Jugoslawien-Prozesse"},"content":{"rendered":"<div class=\"wpb-content-wrapper\"><p>[vc_row full_width=&#8220;stretch_row_content&#8220; full_height=&#8220;yes&#8220; css_animation=&#8220;none&#8220; parallax=&#8220;content-moving-fade&#8220; parallax_image=&#8220;36716&#8243; disable_custom_paddings_mobile=&#8220;true&#8220; css=&#8220;.vc_custom_1613383740395{background-position: center;background-repeat: no-repeat !important;background-size: cover !important;}&#8220;][vc_column][vc_single_image image=&#8220;38376&#8243; img_size=&#8220;full&#8220; alignment=&#8220;right&#8220;][\/vc_column][\/vc_row][vc_row full_width=&#8220;stretch_row_content&#8220; disable_custom_paddings_mobile=&#8220;true&#8220; css=&#8220;.vc_custom_1592212837054{padding-top: 35px !important;}&#8220;][vc_column width=&#8220;2\/3&#8243; disable_custom_paddings_mobile=&#8220;true&#8220; css=&#8220;.vc_custom_1590426071263{padding-left: 70px !important;}&#8220;][vc_column_text]<\/p>\n<div>\n<div><span class=\"label-inline dtable--label\">2021 | Dokumentation | 2 x 52\u2018, 90\u2019 |\u00a0<span class=\"imdbRatingPlugin\" data-user=\"ur1705756\" data-title=\"tt14327992\" data-style=\"p4\"> <a href=\"https:\/\/www.imdb.com\/title\/tt14327992\/?ref_=plg_rt_1\" target=\"_blank\" rel=\"noopener\"><img class=\"alignnone\" src=\"https:\/\/ia.media-imdb.com\/images\/G\/01\/imdb\/plugins\/rating\/images\/imdb_31x14.png\" alt=\" Krieg vor Gericht - Die Jugoslawien-Prozesse (2021) on IMDb\" width=\"31\" height=\"14\" \/> <\/a><\/span><script>(function(d,s,id){var js,stags=d.getElementsByTagName(s)[0];if(d.getElementById(id)){return;}js=d.createElement(s);js.id=id;js.src=\"https:\/\/ia.media-imdb.com\/images\/G\/01\/imdb\/plugins\/rating\/js\/rating.js\";stags.parentNode.insertBefore(js,stags);})(document,\"script\",\"imdb-rating-api\");<\/script> <\/span><\/div>\n<\/div>\n<p>[\/vc_column_text][vc_empty_space height=&#8220;20px&#8220;][vc_column_text]<\/p>\n<h3>Krieg vor Gericht<br \/>\n<span class=\"light\">Die Jugoslawien-Prozesse<span class=\"light\"><br \/>\n<\/span><\/span><\/h3>\n<p>[\/vc_column_text][vc_empty_space height=&#8220;10px&#8220;][\/vc_column][vc_column width=&#8220;1\/3&#8243; disable_custom_paddings_mobile=&#8220;true&#8220; css=&#8220;.vc_custom_1604669014426{padding-left: 60px !important;}&#8220;][\/vc_column][\/vc_row][vc_row full_width=&#8220;stretch_row_content_no_spaces&#8220; equal_height=&#8220;yes&#8220;][vc_column width=&#8220;2\/3&#8243; disable_custom_paddings_mobile=&#8220;true&#8220; css=&#8220;.vc_custom_1591352720872{padding-right: 50px !important;padding-left: 70px !important;}&#8220;][vc_column_text]\u201eKrieg vor Gericht\u201c blickt auf ein einzigartiges Experiment in der Geschichte der Justiz: den Internationalen Strafgerichtshof f\u00fcr das ehemalige Jugoslawien in Den Haag.<\/p>\n<p>In \u201eKrieg vor Gericht\u201c kommen Opfer, T\u00e4ter und Ankl\u00e4ger zu Wort. Unter ihnen sind \u00dcberlebende der Massenexekutionen von Srebrenica und dem Kosovo sowie Staatsanw\u00e4lte, die den serbischen Pr\u00e4sidenten Slobodan Milo\u0161evic und den ehemaligen bosnisch-serbischen General Ratko Mladi\u0107 angeklagt haben.<\/p>\n<p>Einer der Zeitzeugen ist Esad Land\u017eo, ein ehemaliger KZ-W\u00e4chter, der wegen Folter und Mordes verurteilt wurde. Er erinnert sich an seine Taten und spricht \u00fcber seine Zeit im Gef\u00e4ngnis. Die bosnisch-serbische Nationalistin Biljana Plav\u0161ic ist w\u00e4hrend des Krieges Vizepr\u00e4sidentin der Republika Srpska unter Pr\u00e4sident Radovan Karad\u017eic. Sie ist die einzige Frau, die vom Internationalen Strafgerichtshof f\u00fcr das ehemalige Jugoslawien verurteilt wurde.<\/p>\n<p>In \u201eKrieg vor Gericht\u201c erz\u00e4hlt Plav\u0161ic, dass sie sich nur schuldig bekannt habe, um ein milderes Urteil zu erhalten. Sie h\u00e4lt den Internationalen Strafgerichtshof f\u00fcr eine Farce und eine &#8222;antiserbische Institution&#8220;. Insgesamt bekennen sich nur 20 der 161 Angeklagten schuldig.<\/p>\n<p>Saranda Bogujevci \u00fcberlebte das Massaker an ihrer Familie w\u00e4hrend der serbischen Milit\u00e4raktion im Kosovo. Mirsada Malagic, eine bosnische Muslimin, verlor ihren Mann und ihre Kinder in Srebrenica. Beide sagten als Zeuginnen in Den Haag aus. Viele der Angeklagten erkennen die Legitimit\u00e4t des Strafgerichtshofs nicht an. Einer von ihnen ist der ehemalige serbische Pr\u00e4sident Slobodan Milo\u0161evic. Der Prozess gegen Slobodan Milo\u0161evic bleibt durch seinen pl\u00f6tzlichen Tod unvollendet. Die Festnahmen der beiden meistgesuchten Angeklagten Radovan Karad\u017eic und General Ratko Mladic, die unter anderem des V\u00f6lkermords von Srebrenica beschuldigt werden, geben den Opfern ein Gef\u00fchl von Abschluss und Gerechtigkeit.<\/p>\n<p>\u201eKrieg vor Gericht\u201c beleuchtet die Widerst\u00e4nde, die den Internationalen Strafgerichtshof bei seiner Suche nach Gerechtigkeit behindert haben und besch\u00e4ftigt sich mit den Auswirkungen der Prozesse auf die beteiligten Menschen. Auch wenn die Urteile keine Vers\u00f6hnung bewirken, bringen sie die Wahrheit \u00fcber den ersten V\u00f6lkermord in Europa seit dem Zweiten Weltkrieg ans Licht und zeigen, dass Kriegsverbrechen nicht unges\u00fchnt bleiben d\u00fcrfen.<\/p>\n<p>Eine Lektion, die in einer Zeit, in der die internationale Justiz von den m\u00e4chtigen Nationen der Welt wie beispielsweise den Vereinigten Staaten boykottiert wird, umso wichtiger ist.[\/vc_column_text][\/vc_column][vc_column width=&#8220;1\/3&#8243; disable_custom_paddings_mobile=&#8220;true&#8220; css=&#8220;.vc_custom_1591352772434{padding-right: 70px !important;padding-left: 60px !important;}&#8220;][vc_column_text css=&#8220;&#8220;]<strong>Presse<br \/>\n<\/strong><a href=\"https:\/\/www.dw.com\/de\/krieg-vor-gericht-die-jugoslawien-prozesse\/a-57659752\" target=\"_blank\" rel=\"noopener noreferrer\"><em>&#8222;<u>Richter, Staatsanw\u00e4lte und Verteidiger gew\u00e4hren uns seltene Einblicke hinter die Kulissen. <\/u>&#8220; <\/em>\u00a0<\/a> DW<\/p>\n<p><em><a href=\"https:\/\/www.genocide-alert.de\/interview-mit-lucio-mollica\/\" target=\"_blank\" rel=\"noopener\">Interview mit Lucio Mollica<\/a> <\/em>genocide-alert.de[\/vc_column_text][vc_column_text css=&#8220;&#8220;]<strong>Distribution<br \/>\n<\/strong>Bettina Offermann<br \/>\n<a href=\"mailto:distribution@looks.film\"><u>distribution@looks.film<\/u><\/a>[\/vc_column_text][vc_column_text css=&#8220;&#8220;]<strong>Producer<\/strong><br \/>\n<a href=\"https:\/\/looks.film\/de\/reginabouchehri\/\">Regina Bouchehri<\/a><br \/>\nGunnar Dedio<\/p>\n<p><strong>Eine Koproduktion von<\/strong><br \/>\nLOOKSfilm, RBB, \u010cesk\u00e1 televize<\/p>\n<p><strong>In Zusammenarbeit mit<\/strong><br \/>\nArte<\/p>\n<p><strong>Drehbuch &amp; Regie<\/strong><br \/>\nLucio Mollica<\/p>\n<p><strong>Creative Producer<\/strong><br \/>\n<span class=\"dtable--txt\">Lucio Mollica<\/span><\/p>\n<p><strong>F\u00f6rderungen<\/strong>[\/vc_column_text][vc_single_image image=&#8220;37297&#8243; img_size=&#8220;medium&#8220;][\/vc_column][\/vc_row][vc_row full_width=&#8220;stretch_row_content_no_spaces&#8220; equal_height=&#8220;yes&#8220; disable_element=&#8220;yes&#8220;][vc_column disable_custom_paddings_mobile=&#8220;true&#8220; css=&#8220;.vc_custom_1591352720872{padding-right: 50px !important;padding-left: 70px !important;}&#8220;][vc_column_text]<span style=\"color: #808080;\">Foto <span class=\"st\">\u00a9<\/span> SZ Photos<\/span>[\/vc_column_text][\/vc_column][\/vc_row]<\/p>\n<\/div>","protected":false},"excerpt":{"rendered":"<p>[vc_row&#8230;<\/p>\n","protected":false},"author":1,"featured_media":36716,"comment_status":"closed","ping_status":"closed","sticky":false,"template":"","format":"standard","meta":{"footnotes":""},"categories":[160,159,200,199,194],"tags":[],"yoast_head":"<!-- This site is optimized with the Yoast SEO plugin v22.9 - https:\/\/yoast.com\/wordpress\/plugins\/seo\/ -->\n<title>Krieg vor Gericht. Die Jugoslawien-Prozesse - LOOKSfilm<\/title>\n<meta name=\"description\" content=\"Doku \u00fcber ein einzigartiges Experiment in der Geschichte der Justiz: den Internationalen Strafgerichtshof f\u00fcr das ehemalige Jugoslawien.\" \/>\n<meta name=\"robots\" content=\"index, follow, max-snippet:-1, max-image-preview:large, max-video-preview:-1\" \/>\n<link rel=\"canonical\" href=\"https:\/\/looks.film\/de\/krieg-vor-gericht\/\" \/>\n<meta property=\"og:locale\" content=\"de_DE\" \/>\n<meta property=\"og:type\" content=\"article\" \/>\n<meta property=\"og:title\" content=\"Krieg vor Gericht. Die Jugoslawien-Prozesse - LOOKSfilm\" \/>\n<meta property=\"og:description\" content=\"Doku \u00fcber ein einzigartiges Experiment in der Geschichte der Justiz: den Internationalen Strafgerichtshof f\u00fcr das ehemalige Jugoslawien.\" \/>\n<meta property=\"og:url\" content=\"https:\/\/looks.film\/de\/krieg-vor-gericht\/\" \/>\n<meta property=\"og:site_name\" content=\"LOOKSfilm\" \/>\n<meta property=\"article:published_time\" content=\"2020-12-09T12:56:07+00:00\" \/>\n<meta property=\"article:modified_time\" content=\"2025-02-05T15:17:17+00:00\" \/>\n<meta property=\"og:image\" content=\"https:\/\/looks.film\/wp-content\/uploads\/2020\/12\/Bild1.jpg\" \/>\n\t<meta property=\"og:image:width\" content=\"1890\" \/>\n\t<meta property=\"og:image:height\" content=\"1063\" \/>\n\t<meta property=\"og:image:type\" content=\"image\/jpeg\" \/>\n<meta name=\"author\" content=\"looksfilm\" \/>\n<meta name=\"twitter:card\" content=\"summary_large_image\" \/>\n<meta name=\"twitter:label1\" content=\"Verfasst von\" \/>\n\t<meta name=\"twitter:data1\" content=\"looksfilm\" \/>\n\t<meta name=\"twitter:label2\" content=\"Gesch\u00e4tzte Lesezeit\" \/>\n\t<meta name=\"twitter:data2\" content=\"4\u00a0Minuten\" \/>\n<script type=\"application\/ld+json\" class=\"yoast-schema-graph\">{\"@context\":\"https:\/\/schema.org\",\"@graph\":[{\"@type\":\"WebPage\",\"@id\":\"https:\/\/looks.film\/de\/krieg-vor-gericht\/\",\"url\":\"https:\/\/looks.film\/de\/krieg-vor-gericht\/\",\"name\":\"Krieg vor Gericht. Die Jugoslawien-Prozesse - LOOKSfilm\",\"isPartOf\":{\"@id\":\"https:\/\/looks.film\/de\/#website\"},\"primaryImageOfPage\":{\"@id\":\"https:\/\/looks.film\/de\/krieg-vor-gericht\/#primaryimage\"},\"image\":{\"@id\":\"https:\/\/looks.film\/de\/krieg-vor-gericht\/#primaryimage\"},\"thumbnailUrl\":\"https:\/\/looks.film\/wp-content\/uploads\/2020\/12\/Bild1.jpg\",\"datePublished\":\"2020-12-09T12:56:07+00:00\",\"dateModified\":\"2025-02-05T15:17:17+00:00\",\"author\":{\"@id\":\"https:\/\/looks.film\/de\/#\/schema\/person\/0ff031047657196e8a79dc4944aa55c3\"},\"description\":\"Doku \u00fcber ein einzigartiges Experiment in der Geschichte der Justiz: den Internationalen Strafgerichtshof f\u00fcr das ehemalige Jugoslawien.\",\"breadcrumb\":{\"@id\":\"https:\/\/looks.film\/de\/krieg-vor-gericht\/#breadcrumb\"},\"inLanguage\":\"de\",\"potentialAction\":[{\"@type\":\"ReadAction\",\"target\":[\"https:\/\/looks.film\/de\/krieg-vor-gericht\/\"]}]},{\"@type\":\"ImageObject\",\"inLanguage\":\"de\",\"@id\":\"https:\/\/looks.film\/de\/krieg-vor-gericht\/#primaryimage\",\"url\":\"https:\/\/looks.film\/wp-content\/uploads\/2020\/12\/Bild1.jpg\",\"contentUrl\":\"https:\/\/looks.film\/wp-content\/uploads\/2020\/12\/Bild1.jpg\",\"width\":1890,\"height\":1063},{\"@type\":\"BreadcrumbList\",\"@id\":\"https:\/\/looks.film\/de\/krieg-vor-gericht\/#breadcrumb\",\"itemListElement\":[{\"@type\":\"ListItem\",\"position\":1,\"name\":\"Startseite\",\"item\":\"https:\/\/looks.film\/de\/\"},{\"@type\":\"ListItem\",\"position\":2,\"name\":\"Krieg vor Gericht. Die Jugoslawien-Prozesse\"}]},{\"@type\":\"WebSite\",\"@id\":\"https:\/\/looks.film\/de\/#website\",\"url\":\"https:\/\/looks.film\/de\/\",\"name\":\"LOOKSfilm\",\"description\":\"Film Production Company &amp; Distribution\",\"potentialAction\":[{\"@type\":\"SearchAction\",\"target\":{\"@type\":\"EntryPoint\",\"urlTemplate\":\"https:\/\/looks.film\/de\/?s={search_term_string}\"},\"query-input\":\"required name=search_term_string\"}],\"inLanguage\":\"de\"},{\"@type\":\"Person\",\"@id\":\"https:\/\/looks.film\/de\/#\/schema\/person\/0ff031047657196e8a79dc4944aa55c3\",\"name\":\"looksfilm\",\"url\":\"https:\/\/looks.film\/de\/author\/looksfilm\/\"}]}<\/script>\n<!-- \/ Yoast SEO plugin. -->","yoast_head_json":{"title":"Krieg vor Gericht. Die Jugoslawien-Prozesse - LOOKSfilm","description":"Doku \u00fcber ein einzigartiges Experiment in der Geschichte der Justiz: den Internationalen Strafgerichtshof f\u00fcr das ehemalige Jugoslawien.","robots":{"index":"index","follow":"follow","max-snippet":"max-snippet:-1","max-image-preview":"max-image-preview:large","max-video-preview":"max-video-preview:-1"},"canonical":"https:\/\/looks.film\/de\/krieg-vor-gericht\/","og_locale":"de_DE","og_type":"article","og_title":"Krieg vor Gericht. Die Jugoslawien-Prozesse - LOOKSfilm","og_description":"Doku \u00fcber ein einzigartiges Experiment in der Geschichte der Justiz: den Internationalen Strafgerichtshof f\u00fcr das ehemalige Jugoslawien.","og_url":"https:\/\/looks.film\/de\/krieg-vor-gericht\/","og_site_name":"LOOKSfilm","article_published_time":"2020-12-09T12:56:07+00:00","article_modified_time":"2025-02-05T15:17:17+00:00","og_image":[{"width":1890,"height":1063,"url":"https:\/\/looks.film\/wp-content\/uploads\/2020\/12\/Bild1.jpg","type":"image\/jpeg"}],"author":"looksfilm","twitter_card":"summary_large_image","twitter_misc":{"Verfasst von":"looksfilm","Gesch\u00e4tzte Lesezeit":"4\u00a0Minuten"},"schema":{"@context":"https:\/\/schema.org","@graph":[{"@type":"WebPage","@id":"https:\/\/looks.film\/de\/krieg-vor-gericht\/","url":"https:\/\/looks.film\/de\/krieg-vor-gericht\/","name":"Krieg vor Gericht. Die Jugoslawien-Prozesse - LOOKSfilm","isPartOf":{"@id":"https:\/\/looks.film\/de\/#website"},"primaryImageOfPage":{"@id":"https:\/\/looks.film\/de\/krieg-vor-gericht\/#primaryimage"},"image":{"@id":"https:\/\/looks.film\/de\/krieg-vor-gericht\/#primaryimage"},"thumbnailUrl":"https:\/\/looks.film\/wp-content\/uploads\/2020\/12\/Bild1.jpg","datePublished":"2020-12-09T12:56:07+00:00","dateModified":"2025-02-05T15:17:17+00:00","author":{"@id":"https:\/\/looks.film\/de\/#\/schema\/person\/0ff031047657196e8a79dc4944aa55c3"},"description":"Doku \u00fcber ein einzigartiges Experiment in der Geschichte der Justiz: den Internationalen Strafgerichtshof f\u00fcr das ehemalige Jugoslawien.","breadcrumb":{"@id":"https:\/\/looks.film\/de\/krieg-vor-gericht\/#breadcrumb"},"inLanguage":"de","potentialAction":[{"@type":"ReadAction","target":["https:\/\/looks.film\/de\/krieg-vor-gericht\/"]}]},{"@type":"ImageObject","inLanguage":"de","@id":"https:\/\/looks.film\/de\/krieg-vor-gericht\/#primaryimage","url":"https:\/\/looks.film\/wp-content\/uploads\/2020\/12\/Bild1.jpg","contentUrl":"https:\/\/looks.film\/wp-content\/uploads\/2020\/12\/Bild1.jpg","width":1890,"height":1063},{"@type":"BreadcrumbList","@id":"https:\/\/looks.film\/de\/krieg-vor-gericht\/#breadcrumb","itemListElement":[{"@type":"ListItem","position":1,"name":"Startseite","item":"https:\/\/looks.film\/de\/"},{"@type":"ListItem","position":2,"name":"Krieg vor Gericht. Die Jugoslawien-Prozesse"}]},{"@type":"WebSite","@id":"https:\/\/looks.film\/de\/#website","url":"https:\/\/looks.film\/de\/","name":"LOOKSfilm","description":"Film Production Company &amp; Distribution","potentialAction":[{"@type":"SearchAction","target":{"@type":"EntryPoint","urlTemplate":"https:\/\/looks.film\/de\/?s={search_term_string}"},"query-input":"required name=search_term_string"}],"inLanguage":"de"},{"@type":"Person","@id":"https:\/\/looks.film\/de\/#\/schema\/person\/0ff031047657196e8a79dc4944aa55c3","name":"looksfilm","url":"https:\/\/looks.film\/de\/author\/looksfilm\/"}]}},"menu_order":0,"_links":{"self":[{"href":"https:\/\/looks.film\/de\/wp-json\/wp\/v2\/posts\/36709"}],"collection":[{"href":"https:\/\/looks.film\/de\/wp-json\/wp\/v2\/posts"}],"about":[{"href":"https:\/\/looks.film\/de\/wp-json\/wp\/v2\/types\/post"}],"author":[{"embeddable":true,"href":"https:\/\/looks.film\/de\/wp-json\/wp\/v2\/users\/1"}],"replies":[{"embeddable":true,"href":"https:\/\/looks.film\/de\/wp-json\/wp\/v2\/comments?post=36709"}],"version-history":[{"count":55,"href":"https:\/\/looks.film\/de\/wp-json\/wp\/v2\/posts\/36709\/revisions"}],"predecessor-version":[{"id":37977,"href":"https:\/\/looks.film\/de\/wp-json\/wp\/v2\/posts\/36709\/revisions\/37977"}],"wp:featuredmedia":[{"embeddable":true,"href":"https:\/\/looks.film\/de\/wp-json\/wp\/v2\/media\/36716"}],"wp:attachment":[{"href":"https:\/\/looks.film\/de\/wp-json\/wp\/v2\/media?parent=36709"}],"wp:term":[{"taxonomy":"category","embeddable":true,"href":"https:\/\/looks.film\/de\/wp-json\/wp\/v2\/categories?post=36709"},{"taxonomy":"post_tag","embeddable":true,"href":"https:\/\/looks.film\/de\/wp-json\/wp\/v2\/tags?post=36709"}],"curies":[{"name":"wp","href":"https:\/\/api.w.org\/{rel}","templated":true}]}}