{"id":32068,"date":"2000-03-23T14:38:26","date_gmt":"2000-03-23T13:38:26","guid":{"rendered":"https:\/\/looks.film\/?p=32068"},"modified":"2025-02-17T12:27:43","modified_gmt":"2025-02-17T11:27:43","slug":"die-wilde-farm","status":"publish","type":"post","link":"https:\/\/looks.film\/de\/die-wilde-farm\/","title":{"rendered":"Die wilde Farm"},"content":{"rendered":"<div class=\"wpb-content-wrapper\"><p>[vc_row full_width=&#8220;stretch_row_content&#8220; full_height=&#8220;yes&#8220; css_animation=&#8220;none&#8220; parallax=&#8220;content-moving-fade&#8220; parallax_image=&#8220;32077&#8243; css=&#8220;.vc_custom_1590572495207{background-position: center;background-repeat: no-repeat !important;background-size: cover !important;}&#8220;][vc_column][\/vc_column][\/vc_row][vc_row full_width=&#8220;stretch_row_content&#8220; disable_custom_paddings_mobile=&#8220;true&#8220; css=&#8220;.vc_custom_1590573069634{padding-top: 35px !important;}&#8220;][vc_column width=&#8220;2\/3&#8243; disable_custom_paddings_mobile=&#8220;true&#8220; css=&#8220;.vc_custom_1590573063518{padding-left: 70px !important;}&#8220;][vc_column_text]<\/p>\n<div>\n<div><span class=\"label-inline dtable--label\">2010 | Dokumentarfilm | 90\u2032<\/span>\u00a0|\u00a0<span class=\"imdbRatingPlugin\" data-user=\"ur1705756\" data-title=\"tt1653893\" data-style=\"p4\"><a href=\"https:\/\/www.imdb.com\/title\/tt1653893\/?ref_=plg_rt_1\" target=\"_blank\" rel=\"noopener noreferrer\"><img src=\"https:\/\/ia.media-imdb.com\/images\/G\/01\/imdb\/plugins\/rating\/images\/imdb_31x14.png\" alt=\" Die wilde Farm (2009) on IMDb\" \/> <\/a><\/span><script>(function(d,s,id){var js,stags=d.getElementsByTagName(s)[0];if(d.getElementById(id)){return;}js=d.createElement(s);js.id=id;js.src=\"https:\/\/ia.media-imdb.com\/images\/G\/01\/imdb\/plugins\/rating\/js\/rating.js\";stags.parentNode.insertBefore(js,stags);})(document,\"script\",\"imdb-rating-api\");<\/script><\/div>\n<\/div>\n<p>[\/vc_column_text][vc_empty_space height=&#8220;20px&#8220;][vc_column_text]<\/p>\n<h3>Die wilde Farm<br \/>\n<span class=\"light\">Ohne Bauer ist was los!<\/span><\/h3>\n<p>[\/vc_column_text][vc_empty_space height=&#8220;10px&#8220;][\/vc_column][vc_column width=&#8220;1\/3&#8243; disable_custom_paddings_mobile=&#8220;true&#8220; css=&#8220;.vc_custom_1590573076969{padding-left: 60px !important;}&#8220;][vc_column_text]<\/p>\n<p class=\"block--title\"><strong>VoD<br \/>\n<\/strong><a href=\"https:\/\/youtu.be\/hp2MI33U8RA\" target=\"_blank\" rel=\"noopener noreferrer\"><i class=\"wp-svg-play-3 play-3\"><\/i> <u>YouTube (Trailer)<\/u><\/a><\/p>\n<p>[\/vc_column_text][\/vc_column][\/vc_row][vc_row full_width=&#8220;stretch_row_content_no_spaces&#8220; equal_height=&#8220;yes&#8220; css=&#8220;.vc_custom_1592227710709{margin-top: 0px !important;}&#8220;][vc_column width=&#8220;2\/3&#8243; disable_custom_paddings_mobile=&#8220;true&#8220; css=&#8220;.vc_custom_1590572538875{margin-bottom: 0px !important;padding-right: 50px !important;padding-left: 70px !important;}&#8220;][vc_column_text]Mitten hinein ins tierische Treiben von K\u00fchen, Schweinen, Pferden und allerlei Federvieh! DIE WILDE FARM zeigt das Leben unseres \u00bblieben Viehs\u00ab aus n\u00e4chster N\u00e4he.<\/p>\n<p>Einen von Menschen verlassenen Bauernhof nimmt diese mit au\u00dfergew\u00f6hnlichen Bildern unterlegte Naturdokumentation zum Anlass, das Leben einheimischer Tiere auf einem ganz normalen Bauernhof einmal genauer unter die Lupe zu nehmen. Nachdem ein Notarztwagen den erkrankten Bauer abtransportiert hat, sind die Tiere pl\u00f6tzlich auf sich allein gestellt und m\u00fcssen f\u00fcr sich selbst sorgen. Dabei entdecken Hunde und Katzen, Puten und Perlh\u00fchner, aber auch Schweine und Pferde, Ratten und M\u00e4use allm\u00e4hlich ihre &#8222;Wildheit&#8220; wieder. So wird aus dem sorgsam geh\u00fcteten und gepflegten Geh\u00f6ft mit einem Mal eine wilde Farm, in der die animalischen Bewohner ohne menschliche Kontrolle tun und lassen k\u00f6nnen, was sie wollen. Fast 200 Stunden Rohmaterial, die in zw\u00f6lfw\u00f6chigen Dreharbeiten entstanden, haben Dominique Garing und Fr\u00e9d\u00e9ric Goupil am Schneidetisch schlie\u00dflich auf 90 Minuten gebracht. Das Ergebnis sind durchweg grandiose Naturaufnahmen, die uns auf selten so detailliert gesehene Weise eine Vielfalt von in unseren Breitengraden lebenden Tieren vor Augen f\u00fchrt. Dazu gibt es einen wunderbaren Soundtrack, komponiert von Max Richter.[\/vc_column_text][\/vc_column][vc_column width=&#8220;1\/3&#8243; disable_custom_paddings_mobile=&#8220;true&#8220; css=&#8220;.vc_custom_1590573055456{margin-bottom: 0px !important;padding-right: 70px !important;padding-left: 60px !important;}&#8220;][vc_column_text css=&#8220;&#8220;]<strong>Press<\/strong><br \/>\n<a href=\"https:\/\/www.welt.de\/kultur\/article9452105\/Tiere-allein-auf-dem-Bauernhof-bedeutet-das-Chaos.html\"><em>&#8222;<u>\u2026 ein Tierfilm der besonderen Art, eine Art Docufiction, die den Tieren ihr Tiersein l\u00e4sst.<\/u>&#8220;\u00a0<\/em>\u00a0 Welt<\/a>[\/vc_column_text][vc_column_text]<\/p>\n<p class=\"block--title\"><strong>Distribution<br \/>\n<\/strong><a href=\"http:\/\/www.studiocanal.com\" target=\"_blank\" rel=\"noopener noreferrer\"><span class=\"dtable--txt\"><u>Studio Canal<\/u><\/span><\/a><br \/>\nKinoverleih: <a href=\"https:\/\/polyband.de\" target=\"_blank\" rel=\"noopener noreferrer\"><u>Polyband<\/u><\/a><\/p>\n<p>[\/vc_column_text][vc_column_text]<strong>Producer<\/strong><br \/>\nGunnar Dedio | LOOKSfilm<br \/>\n<span class=\"dtable--txt\">Serge Lalou | Les Films d&#8217;Ici<\/span><\/p>\n<p><strong>Eine Koproduktion von<\/strong><br \/>\nLOOKSfilm, <span class=\"dtable--txt\">Les Films d&#8217;Ici<\/span>, <span class=\"dtable--txt\">Studio Canal, France 2, Canal+, NDR, WDR<\/span><\/p>\n<p><strong>Regie<\/strong><br \/>\n<span class=\"dtable--txt\">Dominique Garaing<\/span><\/p>\n<p><strong>Drehbuch<\/strong><br \/>\n<span class=\"dtable--txt\">Dominique Garing, Fr\u00e9d\u00e9ric Goupil<\/span><\/p>\n<p><strong>F\u00f6rderung<\/strong><br \/>\n<span class=\"dtable--txt\">MDM, FFA<\/span>[\/vc_column_text][\/vc_column][\/vc_row]<\/p>\n<\/div>","protected":false},"excerpt":{"rendered":"<p>[vc_row&#8230;<\/p>\n","protected":false},"author":1,"featured_media":35806,"comment_status":"closed","ping_status":"closed","sticky":false,"template":"","format":"standard","meta":{"footnotes":""},"categories":[161,195,188,194],"tags":[],"yoast_head":"<!-- This site is optimized with the Yoast SEO plugin v22.9 - https:\/\/yoast.com\/wordpress\/plugins\/seo\/ -->\n<title>Die wilde Farm - LOOKSfilm<\/title>\n<meta name=\"robots\" content=\"index, follow, max-snippet:-1, max-image-preview:large, max-video-preview:-1\" \/>\n<link rel=\"canonical\" href=\"https:\/\/looks.film\/de\/die-wilde-farm\/\" \/>\n<meta property=\"og:locale\" content=\"de_DE\" \/>\n<meta property=\"og:type\" content=\"article\" \/>\n<meta property=\"og:title\" content=\"Die wilde Farm - LOOKSfilm\" \/>\n<meta property=\"og:description\" content=\"[vc_row...\" \/>\n<meta property=\"og:url\" content=\"https:\/\/looks.film\/de\/die-wilde-farm\/\" \/>\n<meta property=\"og:site_name\" content=\"LOOKSfilm\" \/>\n<meta property=\"article:published_time\" content=\"2000-03-23T13:38:26+00:00\" \/>\n<meta property=\"article:modified_time\" content=\"2025-02-17T11:27:43+00:00\" \/>\n<meta property=\"og:image\" content=\"https:\/\/looks.film\/wp-content\/uploads\/2000\/03\/die-wilde-farm-klein.jpg\" \/>\n\t<meta property=\"og:image:width\" content=\"672\" \/>\n\t<meta property=\"og:image:height\" content=\"372\" \/>\n\t<meta property=\"og:image:type\" content=\"image\/jpeg\" \/>\n<meta name=\"author\" content=\"looksfilm\" \/>\n<meta name=\"twitter:card\" content=\"summary_large_image\" \/>\n<meta name=\"twitter:label1\" content=\"Verfasst von\" \/>\n\t<meta name=\"twitter:data1\" content=\"looksfilm\" \/>\n\t<meta name=\"twitter:label2\" content=\"Gesch\u00e4tzte Lesezeit\" \/>\n\t<meta name=\"twitter:data2\" content=\"3\u00a0Minuten\" \/>\n<script type=\"application\/ld+json\" class=\"yoast-schema-graph\">{\"@context\":\"https:\/\/schema.org\",\"@graph\":[{\"@type\":\"WebPage\",\"@id\":\"https:\/\/looks.film\/de\/die-wilde-farm\/\",\"url\":\"https:\/\/looks.film\/de\/die-wilde-farm\/\",\"name\":\"Die wilde Farm - LOOKSfilm\",\"isPartOf\":{\"@id\":\"https:\/\/looks.film\/de\/#website\"},\"primaryImageOfPage\":{\"@id\":\"https:\/\/looks.film\/de\/die-wilde-farm\/#primaryimage\"},\"image\":{\"@id\":\"https:\/\/looks.film\/de\/die-wilde-farm\/#primaryimage\"},\"thumbnailUrl\":\"https:\/\/looks.film\/wp-content\/uploads\/2000\/03\/die-wilde-farm-klein.jpg\",\"datePublished\":\"2000-03-23T13:38:26+00:00\",\"dateModified\":\"2025-02-17T11:27:43+00:00\",\"author\":{\"@id\":\"https:\/\/looks.film\/de\/#\/schema\/person\/0ff031047657196e8a79dc4944aa55c3\"},\"breadcrumb\":{\"@id\":\"https:\/\/looks.film\/de\/die-wilde-farm\/#breadcrumb\"},\"inLanguage\":\"de\",\"potentialAction\":[{\"@type\":\"ReadAction\",\"target\":[\"https:\/\/looks.film\/de\/die-wilde-farm\/\"]}]},{\"@type\":\"ImageObject\",\"inLanguage\":\"de\",\"@id\":\"https:\/\/looks.film\/de\/die-wilde-farm\/#primaryimage\",\"url\":\"https:\/\/looks.film\/wp-content\/uploads\/2000\/03\/die-wilde-farm-klein.jpg\",\"contentUrl\":\"https:\/\/looks.film\/wp-content\/uploads\/2000\/03\/die-wilde-farm-klein.jpg\",\"width\":672,\"height\":372},{\"@type\":\"BreadcrumbList\",\"@id\":\"https:\/\/looks.film\/de\/die-wilde-farm\/#breadcrumb\",\"itemListElement\":[{\"@type\":\"ListItem\",\"position\":1,\"name\":\"Startseite\",\"item\":\"https:\/\/looks.film\/de\/\"},{\"@type\":\"ListItem\",\"position\":2,\"name\":\"Die wilde Farm\"}]},{\"@type\":\"WebSite\",\"@id\":\"https:\/\/looks.film\/de\/#website\",\"url\":\"https:\/\/looks.film\/de\/\",\"name\":\"LOOKSfilm\",\"description\":\"Film Production Company &amp; Distribution\",\"potentialAction\":[{\"@type\":\"SearchAction\",\"target\":{\"@type\":\"EntryPoint\",\"urlTemplate\":\"https:\/\/looks.film\/de\/?s={search_term_string}\"},\"query-input\":\"required name=search_term_string\"}],\"inLanguage\":\"de\"},{\"@type\":\"Person\",\"@id\":\"https:\/\/looks.film\/de\/#\/schema\/person\/0ff031047657196e8a79dc4944aa55c3\",\"name\":\"looksfilm\",\"url\":\"https:\/\/looks.film\/de\/author\/looksfilm\/\"}]}<\/script>\n<!-- \/ Yoast SEO plugin. -->","yoast_head_json":{"title":"Die wilde Farm - LOOKSfilm","robots":{"index":"index","follow":"follow","max-snippet":"max-snippet:-1","max-image-preview":"max-image-preview:large","max-video-preview":"max-video-preview:-1"},"canonical":"https:\/\/looks.film\/de\/die-wilde-farm\/","og_locale":"de_DE","og_type":"article","og_title":"Die wilde Farm - LOOKSfilm","og_description":"[vc_row...","og_url":"https:\/\/looks.film\/de\/die-wilde-farm\/","og_site_name":"LOOKSfilm","article_published_time":"2000-03-23T13:38:26+00:00","article_modified_time":"2025-02-17T11:27:43+00:00","og_image":[{"width":672,"height":372,"url":"https:\/\/looks.film\/wp-content\/uploads\/2000\/03\/die-wilde-farm-klein.jpg","type":"image\/jpeg"}],"author":"looksfilm","twitter_card":"summary_large_image","twitter_misc":{"Verfasst von":"looksfilm","Gesch\u00e4tzte Lesezeit":"3\u00a0Minuten"},"schema":{"@context":"https:\/\/schema.org","@graph":[{"@type":"WebPage","@id":"https:\/\/looks.film\/de\/die-wilde-farm\/","url":"https:\/\/looks.film\/de\/die-wilde-farm\/","name":"Die wilde Farm - LOOKSfilm","isPartOf":{"@id":"https:\/\/looks.film\/de\/#website"},"primaryImageOfPage":{"@id":"https:\/\/looks.film\/de\/die-wilde-farm\/#primaryimage"},"image":{"@id":"https:\/\/looks.film\/de\/die-wilde-farm\/#primaryimage"},"thumbnailUrl":"https:\/\/looks.film\/wp-content\/uploads\/2000\/03\/die-wilde-farm-klein.jpg","datePublished":"2000-03-23T13:38:26+00:00","dateModified":"2025-02-17T11:27:43+00:00","author":{"@id":"https:\/\/looks.film\/de\/#\/schema\/person\/0ff031047657196e8a79dc4944aa55c3"},"breadcrumb":{"@id":"https:\/\/looks.film\/de\/die-wilde-farm\/#breadcrumb"},"inLanguage":"de","potentialAction":[{"@type":"ReadAction","target":["https:\/\/looks.film\/de\/die-wilde-farm\/"]}]},{"@type":"ImageObject","inLanguage":"de","@id":"https:\/\/looks.film\/de\/die-wilde-farm\/#primaryimage","url":"https:\/\/looks.film\/wp-content\/uploads\/2000\/03\/die-wilde-farm-klein.jpg","contentUrl":"https:\/\/looks.film\/wp-content\/uploads\/2000\/03\/die-wilde-farm-klein.jpg","width":672,"height":372},{"@type":"BreadcrumbList","@id":"https:\/\/looks.film\/de\/die-wilde-farm\/#breadcrumb","itemListElement":[{"@type":"ListItem","position":1,"name":"Startseite","item":"https:\/\/looks.film\/de\/"},{"@type":"ListItem","position":2,"name":"Die wilde Farm"}]},{"@type":"WebSite","@id":"https:\/\/looks.film\/de\/#website","url":"https:\/\/looks.film\/de\/","name":"LOOKSfilm","description":"Film Production Company &amp; Distribution","potentialAction":[{"@type":"SearchAction","target":{"@type":"EntryPoint","urlTemplate":"https:\/\/looks.film\/de\/?s={search_term_string}"},"query-input":"required name=search_term_string"}],"inLanguage":"de"},{"@type":"Person","@id":"https:\/\/looks.film\/de\/#\/schema\/person\/0ff031047657196e8a79dc4944aa55c3","name":"looksfilm","url":"https:\/\/looks.film\/de\/author\/looksfilm\/"}]}},"menu_order":0,"_links":{"self":[{"href":"https:\/\/looks.film\/de\/wp-json\/wp\/v2\/posts\/32068"}],"collection":[{"href":"https:\/\/looks.film\/de\/wp-json\/wp\/v2\/posts"}],"about":[{"href":"https:\/\/looks.film\/de\/wp-json\/wp\/v2\/types\/post"}],"author":[{"embeddable":true,"href":"https:\/\/looks.film\/de\/wp-json\/wp\/v2\/users\/1"}],"replies":[{"embeddable":true,"href":"https:\/\/looks.film\/de\/wp-json\/wp\/v2\/comments?post=32068"}],"version-history":[{"count":12,"href":"https:\/\/looks.film\/de\/wp-json\/wp\/v2\/posts\/32068\/revisions"}],"predecessor-version":[{"id":41870,"href":"https:\/\/looks.film\/de\/wp-json\/wp\/v2\/posts\/32068\/revisions\/41870"}],"wp:featuredmedia":[{"embeddable":true,"href":"https:\/\/looks.film\/de\/wp-json\/wp\/v2\/media\/35806"}],"wp:attachment":[{"href":"https:\/\/looks.film\/de\/wp-json\/wp\/v2\/media?parent=32068"}],"wp:term":[{"taxonomy":"category","embeddable":true,"href":"https:\/\/looks.film\/de\/wp-json\/wp\/v2\/categories?post=32068"},{"taxonomy":"post_tag","embeddable":true,"href":"https:\/\/looks.film\/de\/wp-json\/wp\/v2\/tags?post=32068"}],"curies":[{"name":"wp","href":"https:\/\/api.w.org\/{rel}","templated":true}]}}