{"id":31285,"date":"2000-03-28T16:05:47","date_gmt":"2000-03-28T14:05:47","guid":{"rendered":"https:\/\/looks.film\/?p=31285"},"modified":"2020-06-24T16:02:34","modified_gmt":"2020-06-24T14:02:34","slug":"aesche-der-gera-und-hamster-im-feld","status":"publish","type":"post","link":"https:\/\/looks.film\/de\/aesche-der-gera-und-hamster-im-feld\/","title":{"rendered":"\u00c4sche in der Gera und Hamster im Feld"},"content":{"rendered":"<div class=\"wpb-content-wrapper\"><p>[vc_row full_width=&#8220;stretch_row_content&#8220; full_height=&#8220;yes&#8220; parallax=&#8220;content-moving-fade&#8220; parallax_image=&#8220;31299&#8243; css_animation=&#8220;none&#8220; css=&#8220;.vc_custom_1590579999872{background-position: center;background-repeat: no-repeat !important;background-size: cover !important;}&#8220;][vc_column][\/vc_column][\/vc_row][vc_row full_width=&#8220;stretch_row_content&#8220; disable_custom_paddings_mobile=&#8220;true&#8220; css=&#8220;.vc_custom_1590580057400{padding-top: 35px !important;}&#8220;][vc_column disable_custom_paddings_mobile=&#8220;true&#8220; css=&#8220;.vc_custom_1590580070597{padding-left: 70px !important;}&#8220;][vc_column_text]<\/p>\n<div>\n<div><span class=\"label-inline dtable--label\">2012 | Dokumentation | <\/span><span class=\"dtable--txt\"><span class=\"sep-item\">45&#8242;<\/span><\/span><\/div>\n<\/div>\n<p>[\/vc_column_text][vc_empty_space height=&#8220;20px&#8220;][vc_column_text]<\/p>\n<h3>\u00c4sche in der Gera und Hamster im Feld<br \/>\n<span class=\"light\">Erfurts wilde Stadtbewohner<\/span><\/h3>\n<p>[\/vc_column_text][vc_empty_space height=&#8220;10px&#8220;][\/vc_column][\/vc_row][vc_row full_width=&#8220;stretch_row_content_no_spaces&#8220; equal_height=&#8220;yes&#8220;][vc_column width=&#8220;2\/3&#8243; disable_custom_paddings_mobile=&#8220;true&#8220; css=&#8220;.vc_custom_1588863206414{margin-bottom: 0px !important;padding-right: 50px !important;padding-left: 70px !important;}&#8220;][vc_column_text]<\/p>\n<p class=\"node--leader\">Das wilde Tierleben in der Gro\u00dfstadt Erfurt.<\/p>\n<div class=\"node--txt\">\n<p>Ein kleiner Erfurter hatte sich vom Acker gemacht. Auf der Suche nach einem neuen Revier verlor er vermutlich die Orientierung und landete an einer stark befahrenen Stra\u00dfe in der Innenstadt. Direkt vor einem Wohnhaus grub sich der Feldhamster seinen Bau. Zum Gl\u00fcck haben die Bewohner den heimlichen neuen Untermieter bemerkt. Mit ihrer Hilfe kam er gut \u00fcber den Winter. Nun soll er auf ein Feld am Stadtrand umgesiedelt werden.<\/p>\n<p>Im S\u00fcden des Th\u00fcringer Beckens sind die B\u00f6den fruchtbar und locker &#8211; beste Bedingungen f\u00fcr die in Deutschland streng gesch\u00fctzten Nager. In den gro\u00dfen Monokulturen der modernen Landwirtschaft sind sie vom Aussterben bedroht.<\/p>\n<p>Auf den Feldern eines Erfurter Blumensaatzuchtbetriebes f\u00fchlen Hamster sich offensichtlich ebenfalls sehr wohl. Einen Meter unter der Erde kommen im Sommer die Jungen zur Welt. Nach etwa vier Wochen werden sie selbstst\u00e4ndig und m\u00fcssen sich eigene Baue graben. Hier wachsen die Kulturen abwechslungsreich, und viele Pflanzen bleiben zur Samengewinnung bis in den Sp\u00e4therbst stehen. Die Mitarbeiter des \u00f6kologisch wirtschaftenden Betriebes verschmerzen die Blumensamen gern, die als Wintervorrat in zahlreichen Hamsterbacken in die Baue getragen werden.<\/p>\n<p>Auch die \u00c4sche ist gef\u00e4hrdet, denn sie stellt hohe Anspr\u00fcche an die Wasserqualit\u00e4t. Mit viel Engagement sorgen die Mitglieder des Landesanglerverbandes Th\u00fcringen daf\u00fcr, dass die seltene Fischart im Erfurter Flutgraben und in der innerst\u00e4dtischen Gera erhalten bleibt.<\/p>\n<p>Turmfalken kommen zahlreich zum Br\u00fcten in die Stadt. Die besten Turmpl\u00e4tze sind schnell besetzt. Im dritten Stock eines Mehrfamilienhauses w\u00e4hlt sich ein Nachz\u00fcglerpaar den Blumenkasten vor dem K\u00fcchenfenster als Kinderstube. Die Mieter freuen sich \u00fcber das unmittelbare Naturerlebnis.<\/p>\n<p>Ungew\u00f6hnlich nah in menschliche Nachbarschaft sind auch Rotmilane gezogen. Im Erfurter Stadtteil Gispersleben kreisen die scheuen gro\u00dfen Greife tief \u00fcber den H\u00e4usern, in deren Umgebung ihr Horst versteckt sein muss.<\/p>\n<p>Der Altstadtkern von Th\u00fcringens Landeshauptstadt ist ber\u00fchmt. Zwischen den liebevoll sanierten Fachwerkh\u00e4usern lassen die Wasserl\u00e4ufe der Gera ein kleines Venedig entstehen. Unter den Br\u00fccken schwimmen Forellen im Fluss, und an der ber\u00fchmtesten, der Kr\u00e4merbr\u00fccke, geht in der Nacht die Wasserfledermaus auf Jagd.<\/p>\n<\/div>\n<p>[\/vc_column_text][\/vc_column][vc_column width=&#8220;1\/3&#8243; disable_custom_paddings_mobile=&#8220;true&#8220; css=&#8220;.vc_custom_1590580111566{padding-right: 70px !important;padding-left: 60px !important;}&#8220;][vc_column_text]<strong>Distribution<\/strong><br \/>\nBettina Offermann | <a href=\"mailto:distribution@looks.film\"><u>distribution@looks.film<\/u><\/a>[\/vc_column_text][vc_column_text]<strong>Producer<\/strong><br \/>\nGunnar Dedio<\/p>\n<p><strong>Eine Koproduktion von<\/strong><br \/>\nLOOKSfilm,\u00a0<span class=\"dtable--txt\">MDR<\/span><\/p>\n<p><strong>Drehbuch &amp; Regie<\/strong><br \/>\n<span class=\"dtable--txt\">Jonas Herrmann<\/span><\/p>\n<p><strong>Creative Producer<\/strong><br \/>\n<span class=\"dtable--txt\">Holger Koop<\/span>[\/vc_column_text][\/vc_column][\/vc_row]<\/p>\n<\/div>","protected":false},"excerpt":{"rendered":"<p>[vc_row&#8230;<\/p>\n","protected":false},"author":1,"featured_media":31299,"comment_status":"closed","ping_status":"closed","sticky":false,"template":"","format":"standard","meta":{"footnotes":""},"categories":[160,188,194],"tags":[],"yoast_head":"<!-- This site is optimized with the Yoast SEO plugin v22.9 - https:\/\/yoast.com\/wordpress\/plugins\/seo\/ -->\n<title>\u00c4sche in der Gera und Hamster im Feld - LOOKSfilm<\/title>\n<meta name=\"robots\" content=\"index, follow, max-snippet:-1, max-image-preview:large, max-video-preview:-1\" \/>\n<link rel=\"canonical\" href=\"https:\/\/looks.film\/de\/aesche-der-gera-und-hamster-im-feld\/\" \/>\n<meta property=\"og:locale\" content=\"de_DE\" \/>\n<meta property=\"og:type\" content=\"article\" \/>\n<meta property=\"og:title\" content=\"\u00c4sche in der Gera und Hamster im Feld - LOOKSfilm\" \/>\n<meta property=\"og:description\" content=\"[vc_row...\" \/>\n<meta property=\"og:url\" content=\"https:\/\/looks.film\/de\/aesche-der-gera-und-hamster-im-feld\/\" \/>\n<meta property=\"og:site_name\" content=\"LOOKSfilm\" \/>\n<meta property=\"article:published_time\" content=\"2000-03-28T14:05:47+00:00\" \/>\n<meta property=\"article:modified_time\" content=\"2020-06-24T14:02:34+00:00\" \/>\n<meta property=\"og:image\" content=\"https:\/\/looks.film\/wp-content\/uploads\/2020\/03\/aesche-in-der-gera-und-hamster-im-feld.jpg\" \/>\n\t<meta property=\"og:image:width\" content=\"800\" \/>\n\t<meta property=\"og:image:height\" content=\"450\" \/>\n\t<meta property=\"og:image:type\" content=\"image\/jpeg\" \/>\n<meta name=\"author\" content=\"looksfilm\" \/>\n<meta name=\"twitter:card\" content=\"summary_large_image\" \/>\n<meta name=\"twitter:label1\" content=\"Verfasst von\" \/>\n\t<meta name=\"twitter:data1\" content=\"looksfilm\" \/>\n\t<meta name=\"twitter:label2\" content=\"Gesch\u00e4tzte Lesezeit\" \/>\n\t<meta name=\"twitter:data2\" content=\"3\u00a0Minuten\" \/>\n<script type=\"application\/ld+json\" class=\"yoast-schema-graph\">{\"@context\":\"https:\/\/schema.org\",\"@graph\":[{\"@type\":\"WebPage\",\"@id\":\"https:\/\/looks.film\/de\/aesche-der-gera-und-hamster-im-feld\/\",\"url\":\"https:\/\/looks.film\/de\/aesche-der-gera-und-hamster-im-feld\/\",\"name\":\"\u00c4sche in der Gera und Hamster im Feld - LOOKSfilm\",\"isPartOf\":{\"@id\":\"https:\/\/looks.film\/de\/#website\"},\"primaryImageOfPage\":{\"@id\":\"https:\/\/looks.film\/de\/aesche-der-gera-und-hamster-im-feld\/#primaryimage\"},\"image\":{\"@id\":\"https:\/\/looks.film\/de\/aesche-der-gera-und-hamster-im-feld\/#primaryimage\"},\"thumbnailUrl\":\"https:\/\/looks.film\/wp-content\/uploads\/2020\/03\/aesche-in-der-gera-und-hamster-im-feld.jpg\",\"datePublished\":\"2000-03-28T14:05:47+00:00\",\"dateModified\":\"2020-06-24T14:02:34+00:00\",\"author\":{\"@id\":\"https:\/\/looks.film\/de\/#\/schema\/person\/0ff031047657196e8a79dc4944aa55c3\"},\"breadcrumb\":{\"@id\":\"https:\/\/looks.film\/de\/aesche-der-gera-und-hamster-im-feld\/#breadcrumb\"},\"inLanguage\":\"de\",\"potentialAction\":[{\"@type\":\"ReadAction\",\"target\":[\"https:\/\/looks.film\/de\/aesche-der-gera-und-hamster-im-feld\/\"]}]},{\"@type\":\"ImageObject\",\"inLanguage\":\"de\",\"@id\":\"https:\/\/looks.film\/de\/aesche-der-gera-und-hamster-im-feld\/#primaryimage\",\"url\":\"https:\/\/looks.film\/wp-content\/uploads\/2020\/03\/aesche-in-der-gera-und-hamster-im-feld.jpg\",\"contentUrl\":\"https:\/\/looks.film\/wp-content\/uploads\/2020\/03\/aesche-in-der-gera-und-hamster-im-feld.jpg\",\"width\":800,\"height\":450},{\"@type\":\"BreadcrumbList\",\"@id\":\"https:\/\/looks.film\/de\/aesche-der-gera-und-hamster-im-feld\/#breadcrumb\",\"itemListElement\":[{\"@type\":\"ListItem\",\"position\":1,\"name\":\"Startseite\",\"item\":\"https:\/\/looks.film\/de\/\"},{\"@type\":\"ListItem\",\"position\":2,\"name\":\"\u00c4sche in der Gera und Hamster im Feld\"}]},{\"@type\":\"WebSite\",\"@id\":\"https:\/\/looks.film\/de\/#website\",\"url\":\"https:\/\/looks.film\/de\/\",\"name\":\"LOOKSfilm\",\"description\":\"Film Production Company &amp; Distribution\",\"potentialAction\":[{\"@type\":\"SearchAction\",\"target\":{\"@type\":\"EntryPoint\",\"urlTemplate\":\"https:\/\/looks.film\/de\/?s={search_term_string}\"},\"query-input\":\"required name=search_term_string\"}],\"inLanguage\":\"de\"},{\"@type\":\"Person\",\"@id\":\"https:\/\/looks.film\/de\/#\/schema\/person\/0ff031047657196e8a79dc4944aa55c3\",\"name\":\"looksfilm\",\"url\":\"https:\/\/looks.film\/de\/author\/looksfilm\/\"}]}<\/script>\n<!-- \/ Yoast SEO plugin. -->","yoast_head_json":{"title":"\u00c4sche in der Gera und Hamster im Feld - LOOKSfilm","robots":{"index":"index","follow":"follow","max-snippet":"max-snippet:-1","max-image-preview":"max-image-preview:large","max-video-preview":"max-video-preview:-1"},"canonical":"https:\/\/looks.film\/de\/aesche-der-gera-und-hamster-im-feld\/","og_locale":"de_DE","og_type":"article","og_title":"\u00c4sche in der Gera und Hamster im Feld - LOOKSfilm","og_description":"[vc_row...","og_url":"https:\/\/looks.film\/de\/aesche-der-gera-und-hamster-im-feld\/","og_site_name":"LOOKSfilm","article_published_time":"2000-03-28T14:05:47+00:00","article_modified_time":"2020-06-24T14:02:34+00:00","og_image":[{"width":800,"height":450,"url":"https:\/\/looks.film\/wp-content\/uploads\/2020\/03\/aesche-in-der-gera-und-hamster-im-feld.jpg","type":"image\/jpeg"}],"author":"looksfilm","twitter_card":"summary_large_image","twitter_misc":{"Verfasst von":"looksfilm","Gesch\u00e4tzte Lesezeit":"3\u00a0Minuten"},"schema":{"@context":"https:\/\/schema.org","@graph":[{"@type":"WebPage","@id":"https:\/\/looks.film\/de\/aesche-der-gera-und-hamster-im-feld\/","url":"https:\/\/looks.film\/de\/aesche-der-gera-und-hamster-im-feld\/","name":"\u00c4sche in der Gera und Hamster im Feld - LOOKSfilm","isPartOf":{"@id":"https:\/\/looks.film\/de\/#website"},"primaryImageOfPage":{"@id":"https:\/\/looks.film\/de\/aesche-der-gera-und-hamster-im-feld\/#primaryimage"},"image":{"@id":"https:\/\/looks.film\/de\/aesche-der-gera-und-hamster-im-feld\/#primaryimage"},"thumbnailUrl":"https:\/\/looks.film\/wp-content\/uploads\/2020\/03\/aesche-in-der-gera-und-hamster-im-feld.jpg","datePublished":"2000-03-28T14:05:47+00:00","dateModified":"2020-06-24T14:02:34+00:00","author":{"@id":"https:\/\/looks.film\/de\/#\/schema\/person\/0ff031047657196e8a79dc4944aa55c3"},"breadcrumb":{"@id":"https:\/\/looks.film\/de\/aesche-der-gera-und-hamster-im-feld\/#breadcrumb"},"inLanguage":"de","potentialAction":[{"@type":"ReadAction","target":["https:\/\/looks.film\/de\/aesche-der-gera-und-hamster-im-feld\/"]}]},{"@type":"ImageObject","inLanguage":"de","@id":"https:\/\/looks.film\/de\/aesche-der-gera-und-hamster-im-feld\/#primaryimage","url":"https:\/\/looks.film\/wp-content\/uploads\/2020\/03\/aesche-in-der-gera-und-hamster-im-feld.jpg","contentUrl":"https:\/\/looks.film\/wp-content\/uploads\/2020\/03\/aesche-in-der-gera-und-hamster-im-feld.jpg","width":800,"height":450},{"@type":"BreadcrumbList","@id":"https:\/\/looks.film\/de\/aesche-der-gera-und-hamster-im-feld\/#breadcrumb","itemListElement":[{"@type":"ListItem","position":1,"name":"Startseite","item":"https:\/\/looks.film\/de\/"},{"@type":"ListItem","position":2,"name":"\u00c4sche in der Gera und Hamster im Feld"}]},{"@type":"WebSite","@id":"https:\/\/looks.film\/de\/#website","url":"https:\/\/looks.film\/de\/","name":"LOOKSfilm","description":"Film Production Company &amp; Distribution","potentialAction":[{"@type":"SearchAction","target":{"@type":"EntryPoint","urlTemplate":"https:\/\/looks.film\/de\/?s={search_term_string}"},"query-input":"required name=search_term_string"}],"inLanguage":"de"},{"@type":"Person","@id":"https:\/\/looks.film\/de\/#\/schema\/person\/0ff031047657196e8a79dc4944aa55c3","name":"looksfilm","url":"https:\/\/looks.film\/de\/author\/looksfilm\/"}]}},"menu_order":0,"_links":{"self":[{"href":"https:\/\/looks.film\/de\/wp-json\/wp\/v2\/posts\/31285"}],"collection":[{"href":"https:\/\/looks.film\/de\/wp-json\/wp\/v2\/posts"}],"about":[{"href":"https:\/\/looks.film\/de\/wp-json\/wp\/v2\/types\/post"}],"author":[{"embeddable":true,"href":"https:\/\/looks.film\/de\/wp-json\/wp\/v2\/users\/1"}],"replies":[{"embeddable":true,"href":"https:\/\/looks.film\/de\/wp-json\/wp\/v2\/comments?post=31285"}],"version-history":[{"count":11,"href":"https:\/\/looks.film\/de\/wp-json\/wp\/v2\/posts\/31285\/revisions"}],"predecessor-version":[{"id":35421,"href":"https:\/\/looks.film\/de\/wp-json\/wp\/v2\/posts\/31285\/revisions\/35421"}],"wp:featuredmedia":[{"embeddable":true,"href":"https:\/\/looks.film\/de\/wp-json\/wp\/v2\/media\/31299"}],"wp:attachment":[{"href":"https:\/\/looks.film\/de\/wp-json\/wp\/v2\/media?parent=31285"}],"wp:term":[{"taxonomy":"category","embeddable":true,"href":"https:\/\/looks.film\/de\/wp-json\/wp\/v2\/categories?post=31285"},{"taxonomy":"post_tag","embeddable":true,"href":"https:\/\/looks.film\/de\/wp-json\/wp\/v2\/tags?post=31285"}],"curies":[{"name":"wp","href":"https:\/\/api.w.org\/{rel}","templated":true}]}}